{"id":206012,"date":"2022-10-28T16:39:41","date_gmt":"2022-10-28T19:39:41","guid":{"rendered":"https:\/\/diarioregionaldigital.com.br\/?p=206012"},"modified":"2022-10-28T16:39:41","modified_gmt":"2022-10-28T19:39:41","slug":"igp-m-registra-deflacao-de-097-em-outubro","status":"publish","type":"post","link":"https:\/\/diarioregionaldigital.com.br\/?p=206012","title":{"rendered":"IGP-M registra defla\u00e7\u00e3o de 0,97% em outubro"},"content":{"rendered":"<p>O \u00cdndice Geral de Pre\u00e7os \u2013 Mercado (IGP-M) registrou defla\u00e7\u00e3o (queda de pre\u00e7os) de 0,97% em outubro deste ano. No m\u00eas anterior, tamb\u00e9m houve queda, de 0,95%.<img decoding=\"async\" src=\"https:\/\/agenciabrasil.ebc.com.br\/ebc.png?id=1490724&amp;o=node\" \/><img decoding=\"async\" src=\"https:\/\/agenciabrasil.ebc.com.br\/ebc.gif?id=1490724&amp;o=node\" \/><\/p>\n<p>Segundo a Funda\u00e7\u00e3o Getulio Vargas (FGV), com o resultado, o IGP-M acumula taxas de infla\u00e7\u00e3o de 5,58% no ano e de 6,52% em 12 meses.<\/p>\n<p>O \u00cdndice de Pre\u00e7os ao Produtor Amplo (IPA), que avalia o atacado, teve defla\u00e7\u00e3o de 1,44% em outubro, ante uma queda de pre\u00e7os de 1,27% em setembro.<\/p>\n<p>O \u00cdndice Nacional de Custo da Constru\u00e7\u00e3o (INCC) foi outro sub\u00edndice que apresentou queda na taxa de setembro para outubro. Apesar disso, continuou registrando infla\u00e7\u00e3o. A taxa passou de 0,10% em setembro para 0,04% em outubro.<\/p>\n<p>Por outro lado, o \u00cdndice de Pre\u00e7os ao Consumidor (IPC), que mede o varejo, teve infla\u00e7\u00e3o de 0,5% em outubro, ap\u00f3s registrar defla\u00e7\u00e3o de 0,08% no m\u00eas anterior.<\/p>\n<p><span style=\"font-weight: 400;\">Fonte: Ag\u00eancia Brasil <\/span><\/p>\n","protected":false},"excerpt":{"rendered":"<p>O \u00cdndice Geral de Pre\u00e7os \u2013 Mercado (IGP-M) registrou defla\u00e7\u00e3o (queda de pre\u00e7os) de 0,97% em outubro deste ano. No m\u00eas anterior, tamb\u00e9m houve queda, de 0,95%. Segundo a Funda\u00e7\u00e3o Getulio Vargas (FGV), com o resultado, o IGP-M acumula taxas de infla\u00e7\u00e3o de 5,58% no ano e de 6,52% em 12 meses. O \u00cdndice de [&hellip;]<\/p>\n","protected":false},"author":246,"featured_media":206013,"comment_status":"closed","ping_status":"closed","sticky":false,"template":"","format":"standard","meta":{"footnotes":""},"categories":[436,261,439],"tags":[],"class_list":["post-206012","post","type-post","status-publish","format-standard","has-post-thumbnail","hentry","category-destaque-da-semana","category-economia","category-ultima-hora"],"_links":{"self":[{"href":"https:\/\/diarioregionaldigital.com.br\/index.php?rest_route=\/wp\/v2\/posts\/206012","targetHints":{"allow":["GET"]}}],"collection":[{"href":"https:\/\/diarioregionaldigital.com.br\/index.php?rest_route=\/wp\/v2\/posts"}],"about":[{"href":"https:\/\/diarioregionaldigital.com.br\/index.php?rest_route=\/wp\/v2\/types\/post"}],"author":[{"embeddable":true,"href":"https:\/\/diarioregionaldigital.com.br\/index.php?rest_route=\/wp\/v2\/users\/246"}],"replies":[{"embeddable":true,"href":"https:\/\/diarioregionaldigital.com.br\/index.php?rest_route=%2Fwp%2Fv2%2Fcomments&post=206012"}],"version-history":[{"count":1,"href":"https:\/\/diarioregionaldigital.com.br\/index.php?rest_route=\/wp\/v2\/posts\/206012\/revisions"}],"predecessor-version":[{"id":206014,"href":"https:\/\/diarioregionaldigital.com.br\/index.php?rest_route=\/wp\/v2\/posts\/206012\/revisions\/206014"}],"wp:featuredmedia":[{"embeddable":true,"href":"https:\/\/diarioregionaldigital.com.br\/index.php?rest_route=\/wp\/v2\/media\/206013"}],"wp:attachment":[{"href":"https:\/\/diarioregionaldigital.com.br\/index.php?rest_route=%2Fwp%2Fv2%2Fmedia&parent=206012"}],"wp:term":[{"taxonomy":"category","embeddable":true,"href":"https:\/\/diarioregionaldigital.com.br\/index.php?rest_route=%2Fwp%2Fv2%2Fcategories&post=206012"},{"taxonomy":"post_tag","embeddable":true,"href":"https:\/\/diarioregionaldigital.com.br\/index.php?rest_route=%2Fwp%2Fv2%2Ftags&post=206012"}],"curies":[{"name":"wp","href":"https:\/\/api.w.org\/{rel}","templated":true}]}}