{"id":206009,"date":"2022-10-28T16:38:21","date_gmt":"2022-10-28T19:38:21","guid":{"rendered":"https:\/\/diarioregionaldigital.com.br\/?p=206009"},"modified":"2022-10-28T16:38:21","modified_gmt":"2022-10-28T19:38:21","slug":"prazo-de-linhas-do-pronampe-sobe-para-72-meses","status":"publish","type":"post","link":"https:\/\/diarioregionaldigital.com.br\/?p=206009","title":{"rendered":"Prazo de linhas do Pronampe sobe para 72 meses"},"content":{"rendered":"<p>Criado em 2020 para ajudar empresas afetadas pela pandemia da covid-19, o Programa Nacional de Apoio \u00e0s Microempresas e Empresas de Pequeno Porte (Pronampe) ter\u00e1 juros mais baixos e prazo maior para pagar as parcelas. As mudan\u00e7as constam da\u00a0<a href=\"http:\/\/www.planalto.gov.br\/ccivil_03\/_ato2019-2022\/2022\/Mpv\/mpv1139.htm#art1\" target=\"_blank\" rel=\"noopener\">Medida Provis\u00f3ria 1.139<\/a>, editada hoje (27) \u00e0 noite.<img decoding=\"async\" src=\"https:\/\/agenciabrasil.ebc.com.br\/ebc.png?id=1490679&amp;o=node\" \/><img decoding=\"async\" src=\"https:\/\/agenciabrasil.ebc.com.br\/ebc.gif?id=1490679&amp;o=node\" \/><\/p>\n<p>O prazo das linhas de cr\u00e9dito passou de 48 para 72 meses. Os juros passar\u00e3o a ser definidos pela Secretaria Especial de Produtividade e Competitividade (Sepec) do Minist\u00e9rio da Economia. At\u00e9 agora, as linhas do Pronampe seguiam a Taxa Selic (juros b\u00e1sicos da economia) mais 1,25% sobre o valor contratado, para financiamentos concedidos em 2020, ou Selic mais 6% sobre o valor contratado, para financiamentos concedidos a partir de 2021.<\/p>\n<p>As mudan\u00e7as n\u00e3o valem apenas para os futuros contratos. A medida provis\u00f3ria autoriza a renegocia\u00e7\u00e3o e a prorroga\u00e7\u00e3o das opera\u00e7\u00f5es de cr\u00e9dito atuais nas condi\u00e7\u00f5es estabelecidas pela Sepec. Segundo o Minist\u00e9rio da Economia, os juros n\u00e3o ser\u00e3o alterados, mas passam a ser regulados pela pasta.<\/p>\n<p>Em nota, a Secretaria-Geral da Presid\u00eancia da Rep\u00fablica informou que as mudan\u00e7as pretendem reequilibrar os financiamentos e recuperar a capacidade de investimento dos tomadores, que passaram a ter dificuldades em quitar os financiamentos ap\u00f3s o aumento da taxa Selic, que saltou de 2% ao ano em mar\u00e7o de 2021 para 13,75% em agosto deste ano.<\/p>\n<p>\u201cAlmeja-se tamb\u00e9m, no contexto de deteriora\u00e7\u00e3o do endividamento das empresas em fun\u00e7\u00e3o da recente subida das presta\u00e7\u00f5es atreladas \u00e0 Taxa Selic, a preserva\u00e7\u00e3o das empresas de pequeno e m\u00e9dio porte afetadas pelas medidas sanit\u00e1rias de combate \u00e0 covid-19, a manuten\u00e7\u00e3o dos empregos e a redu\u00e7\u00e3o da demanda de amparo por trabalhadores desempregados, assim como a retomada econ\u00f4mica mais r\u00e1pida no p\u00f3s-covid\u201d, diz o comunicado.<\/p>\n<p>O Pronampe fornece cr\u00e9dito \u00e0s micro e pequenas empresas com dificuldades de manter o neg\u00f3cio. A contrata\u00e7\u00e3o \u00e9 mais r\u00e1pida que a das linhas tradicionais de cr\u00e9dito porque eventuais inadimpl\u00eancias s\u00e3o cobertas pelo Fundo Garantidor de Opera\u00e7\u00f5es (FGO), composto por recursos do Or\u00e7amento, doa\u00e7\u00f5es privadas e recursos de opera\u00e7\u00f5es internacionais de cr\u00e9dito. Esse fundo reduz a exig\u00eancia de fornecimento de bens da pr\u00f3pria micro ou pequena empresa como garantia para cobrir poss\u00edveis calotes.<\/p>\n<p><span style=\"font-weight: 400;\">Fonte: Ag\u00eancia Brasil <\/span><\/p>\n","protected":false},"excerpt":{"rendered":"<p>Criado em 2020 para ajudar empresas afetadas pela pandemia da covid-19, o Programa Nacional de Apoio \u00e0s Microempresas e Empresas de Pequeno Porte (Pronampe) ter\u00e1 juros mais baixos e prazo maior para pagar as parcelas. As mudan\u00e7as constam da\u00a0Medida Provis\u00f3ria 1.139, editada hoje (27) \u00e0 noite. O prazo das linhas de cr\u00e9dito passou de 48 [&hellip;]<\/p>\n","protected":false},"author":246,"featured_media":206010,"comment_status":"closed","ping_status":"closed","sticky":false,"template":"","format":"standard","meta":{"footnotes":""},"categories":[436,261,439],"tags":[],"class_list":["post-206009","post","type-post","status-publish","format-standard","has-post-thumbnail","hentry","category-destaque-da-semana","category-economia","category-ultima-hora"],"_links":{"self":[{"href":"https:\/\/diarioregionaldigital.com.br\/index.php?rest_route=\/wp\/v2\/posts\/206009","targetHints":{"allow":["GET"]}}],"collection":[{"href":"https:\/\/diarioregionaldigital.com.br\/index.php?rest_route=\/wp\/v2\/posts"}],"about":[{"href":"https:\/\/diarioregionaldigital.com.br\/index.php?rest_route=\/wp\/v2\/types\/post"}],"author":[{"embeddable":true,"href":"https:\/\/diarioregionaldigital.com.br\/index.php?rest_route=\/wp\/v2\/users\/246"}],"replies":[{"embeddable":true,"href":"https:\/\/diarioregionaldigital.com.br\/index.php?rest_route=%2Fwp%2Fv2%2Fcomments&post=206009"}],"version-history":[{"count":1,"href":"https:\/\/diarioregionaldigital.com.br\/index.php?rest_route=\/wp\/v2\/posts\/206009\/revisions"}],"predecessor-version":[{"id":206011,"href":"https:\/\/diarioregionaldigital.com.br\/index.php?rest_route=\/wp\/v2\/posts\/206009\/revisions\/206011"}],"wp:featuredmedia":[{"embeddable":true,"href":"https:\/\/diarioregionaldigital.com.br\/index.php?rest_route=\/wp\/v2\/media\/206010"}],"wp:attachment":[{"href":"https:\/\/diarioregionaldigital.com.br\/index.php?rest_route=%2Fwp%2Fv2%2Fmedia&parent=206009"}],"wp:term":[{"taxonomy":"category","embeddable":true,"href":"https:\/\/diarioregionaldigital.com.br\/index.php?rest_route=%2Fwp%2Fv2%2Fcategories&post=206009"},{"taxonomy":"post_tag","embeddable":true,"href":"https:\/\/diarioregionaldigital.com.br\/index.php?rest_route=%2Fwp%2Fv2%2Ftags&post=206009"}],"curies":[{"name":"wp","href":"https:\/\/api.w.org\/{rel}","templated":true}]}}