{"id":206006,"date":"2022-10-28T16:36:49","date_gmt":"2022-10-28T19:36:49","guid":{"rendered":"https:\/\/diarioregionaldigital.com.br\/?p=206006"},"modified":"2022-10-28T16:36:49","modified_gmt":"2022-10-28T19:36:49","slug":"confianca-do-comercio-e-dos-servicos-cai-em-outubro","status":"publish","type":"post","link":"https:\/\/diarioregionaldigital.com.br\/?p=206006","title":{"rendered":"Confian\u00e7a do com\u00e9rcio e dos servi\u00e7os cai em outubro"},"content":{"rendered":"<p>Os \u00edndices de Confian\u00e7a do Com\u00e9rcio e dos Servi\u00e7os recuaram de setembro para outubro deste ano, segundo informa\u00e7\u00f5es divulgadas\u00a0<span id=\"OBJ_PREFIX_DWT240_com_zimbra_date\" role=\"link\">hoje<\/span>\u00a0(28) pela Funda\u00e7\u00e3o Getulio Vargas (FGV). O \u00cdndice de Confian\u00e7a do Com\u00e9rcio (Icom) teve queda de 3,8 pontos no per\u00edodo e chegou a 98 pontos, em uma escala de 0 a 200, menor n\u00edvel desde julho deste ano.<img decoding=\"async\" src=\"https:\/\/agenciabrasil.ebc.com.br\/ebc.png?id=1490726&amp;o=node\" \/><img decoding=\"async\" src=\"https:\/\/agenciabrasil.ebc.com.br\/ebc.gif?id=1490726&amp;o=node\" \/><\/p>\n<p>As seis atividades do setor do com\u00e9rcio pesquisadas pela FGV tiveram queda na confian\u00e7a. O \u00cdndice da Situa\u00e7\u00e3o Atual, que mede a percep\u00e7\u00e3o do empresariado em rela\u00e7\u00e3o ao presente, caiu 3,4 pontos e chegou a 102,3, o menor n\u00edvel desde maio.\u00a0O\u00a0\u00cdndice de Expectativas cedeu 4,1 pontos e atingiu 93,8, menor n\u00edvel desde julho.<\/p>\n<p>O \u00cdndice de Confian\u00e7a dos Servi\u00e7os (ICS) perdeu 2,6 pontos no per\u00edodo e chegou a 99,1, o menor n\u00edvel desde junho (98,7 pontos). O \u00cdndice da Situa\u00e7\u00e3o Atual caiu 1,8 ponto, para 100, e o \u00cdndice de Expectativas, 3,5 pontos, para 98,2.<\/p>\n<p><span style=\"font-weight: 400;\">Fonte: Ag\u00eancia Brasil <\/span><\/p>\n","protected":false},"excerpt":{"rendered":"<p>Os \u00edndices de Confian\u00e7a do Com\u00e9rcio e dos Servi\u00e7os recuaram de setembro para outubro deste ano, segundo informa\u00e7\u00f5es divulgadas\u00a0hoje\u00a0(28) pela Funda\u00e7\u00e3o Getulio Vargas (FGV). O \u00cdndice de Confian\u00e7a do Com\u00e9rcio (Icom) teve queda de 3,8 pontos no per\u00edodo e chegou a 98 pontos, em uma escala de 0 a 200, menor n\u00edvel desde julho deste [&hellip;]<\/p>\n","protected":false},"author":246,"featured_media":206007,"comment_status":"closed","ping_status":"closed","sticky":false,"template":"","format":"standard","meta":{"footnotes":""},"categories":[436,440,261,439],"tags":[],"class_list":["post-206006","post","type-post","status-publish","format-standard","has-post-thumbnail","hentry","category-destaque-da-semana","category-destaques-do-dia","category-economia","category-ultima-hora"],"_links":{"self":[{"href":"https:\/\/diarioregionaldigital.com.br\/index.php?rest_route=\/wp\/v2\/posts\/206006","targetHints":{"allow":["GET"]}}],"collection":[{"href":"https:\/\/diarioregionaldigital.com.br\/index.php?rest_route=\/wp\/v2\/posts"}],"about":[{"href":"https:\/\/diarioregionaldigital.com.br\/index.php?rest_route=\/wp\/v2\/types\/post"}],"author":[{"embeddable":true,"href":"https:\/\/diarioregionaldigital.com.br\/index.php?rest_route=\/wp\/v2\/users\/246"}],"replies":[{"embeddable":true,"href":"https:\/\/diarioregionaldigital.com.br\/index.php?rest_route=%2Fwp%2Fv2%2Fcomments&post=206006"}],"version-history":[{"count":1,"href":"https:\/\/diarioregionaldigital.com.br\/index.php?rest_route=\/wp\/v2\/posts\/206006\/revisions"}],"predecessor-version":[{"id":206008,"href":"https:\/\/diarioregionaldigital.com.br\/index.php?rest_route=\/wp\/v2\/posts\/206006\/revisions\/206008"}],"wp:featuredmedia":[{"embeddable":true,"href":"https:\/\/diarioregionaldigital.com.br\/index.php?rest_route=\/wp\/v2\/media\/206007"}],"wp:attachment":[{"href":"https:\/\/diarioregionaldigital.com.br\/index.php?rest_route=%2Fwp%2Fv2%2Fmedia&parent=206006"}],"wp:term":[{"taxonomy":"category","embeddable":true,"href":"https:\/\/diarioregionaldigital.com.br\/index.php?rest_route=%2Fwp%2Fv2%2Fcategories&post=206006"},{"taxonomy":"post_tag","embeddable":true,"href":"https:\/\/diarioregionaldigital.com.br\/index.php?rest_route=%2Fwp%2Fv2%2Ftags&post=206006"}],"curies":[{"name":"wp","href":"https:\/\/api.w.org\/{rel}","templated":true}]}}