{"id":205995,"date":"2022-10-27T20:26:07","date_gmt":"2022-10-27T23:26:07","guid":{"rendered":"https:\/\/diarioregionaldigital.com.br\/?p=205995"},"modified":"2022-10-27T20:26:07","modified_gmt":"2022-10-27T23:26:07","slug":"pjf-conclui-manutencao-na-rede-de-drenagem-e-recomposicao-asfaltica-na-rua-cesario-alvim","status":"publish","type":"post","link":"https:\/\/diarioregionaldigital.com.br\/?p=205995","title":{"rendered":"PJF conclui manuten\u00e7\u00e3o na rede de drenagem e recomposi\u00e7\u00e3o asf\u00e1ltica na Rua Ces\u00e1rio Alvim"},"content":{"rendered":"<p>Segundo informa\u00e7\u00f5es do site da Prefeitura de Juiz de Fora (PJF), foi conclu\u00edda pela\u00a0 PJF nesta quinta-feira, 27, os trabalhos de manuten\u00e7\u00e3o na rede de drenagem que havia sido danificada no final de setembro na Rua Ces\u00e1rio Alvim. Ap\u00f3s a conclus\u00e3o dos servi\u00e7os por parte da Secretaria de Obras (SO), a Empresa Municipal de Pavimenta\u00e7\u00e3o e Urbanidades (Empav) realizou a recomposi\u00e7\u00e3o asf\u00e1ltica da via.<\/p>\n<p>Na interven\u00e7\u00e3o, realizada entre segunda-feira, 24, e esta quinta, 27, foram utilizadas cerca de 65 toneladas de massa asf\u00e1ltica. Al\u00e9m da recomposi\u00e7\u00e3o das eros\u00f5es, outra equipe da Empav est\u00e1 atuando na Ces\u00e1rio Alvim e nas ruas adjacentes com a opera\u00e7\u00e3o tapa-buracos.<\/p>\n","protected":false},"excerpt":{"rendered":"<p>Segundo informa\u00e7\u00f5es do site da Prefeitura de Juiz de Fora (PJF), foi conclu\u00edda pela\u00a0 PJF nesta quinta-feira, 27, os trabalhos de manuten\u00e7\u00e3o na rede de drenagem que havia sido danificada no final de setembro na Rua Ces\u00e1rio Alvim. Ap\u00f3s a conclus\u00e3o dos servi\u00e7os por parte da Secretaria de Obras (SO), a Empresa Municipal de Pavimenta\u00e7\u00e3o [&hellip;]<\/p>\n","protected":false},"author":246,"featured_media":205996,"comment_status":"closed","ping_status":"closed","sticky":false,"template":"","format":"standard","meta":{"footnotes":""},"categories":[253,436,439],"tags":[],"class_list":["post-205995","post","type-post","status-publish","format-standard","has-post-thumbnail","hentry","category-cidade","category-destaque-da-semana","category-ultima-hora"],"_links":{"self":[{"href":"https:\/\/diarioregionaldigital.com.br\/index.php?rest_route=\/wp\/v2\/posts\/205995","targetHints":{"allow":["GET"]}}],"collection":[{"href":"https:\/\/diarioregionaldigital.com.br\/index.php?rest_route=\/wp\/v2\/posts"}],"about":[{"href":"https:\/\/diarioregionaldigital.com.br\/index.php?rest_route=\/wp\/v2\/types\/post"}],"author":[{"embeddable":true,"href":"https:\/\/diarioregionaldigital.com.br\/index.php?rest_route=\/wp\/v2\/users\/246"}],"replies":[{"embeddable":true,"href":"https:\/\/diarioregionaldigital.com.br\/index.php?rest_route=%2Fwp%2Fv2%2Fcomments&post=205995"}],"version-history":[{"count":1,"href":"https:\/\/diarioregionaldigital.com.br\/index.php?rest_route=\/wp\/v2\/posts\/205995\/revisions"}],"predecessor-version":[{"id":205997,"href":"https:\/\/diarioregionaldigital.com.br\/index.php?rest_route=\/wp\/v2\/posts\/205995\/revisions\/205997"}],"wp:featuredmedia":[{"embeddable":true,"href":"https:\/\/diarioregionaldigital.com.br\/index.php?rest_route=\/wp\/v2\/media\/205996"}],"wp:attachment":[{"href":"https:\/\/diarioregionaldigital.com.br\/index.php?rest_route=%2Fwp%2Fv2%2Fmedia&parent=205995"}],"wp:term":[{"taxonomy":"category","embeddable":true,"href":"https:\/\/diarioregionaldigital.com.br\/index.php?rest_route=%2Fwp%2Fv2%2Fcategories&post=205995"},{"taxonomy":"post_tag","embeddable":true,"href":"https:\/\/diarioregionaldigital.com.br\/index.php?rest_route=%2Fwp%2Fv2%2Ftags&post=205995"}],"curies":[{"name":"wp","href":"https:\/\/api.w.org\/{rel}","templated":true}]}}