{"id":205992,"date":"2022-10-27T20:23:13","date_gmt":"2022-10-27T23:23:13","guid":{"rendered":"https:\/\/diarioregionaldigital.com.br\/?p=205992"},"modified":"2022-10-27T20:23:13","modified_gmt":"2022-10-27T23:23:13","slug":"idosos-participam-de-visita-guiada-aos-bondes-do-parque-da-lajinha","status":"publish","type":"post","link":"https:\/\/diarioregionaldigital.com.br\/?p=205992","title":{"rendered":"Idosos participam de visita guiada aos bondes do Parque da Lajinha"},"content":{"rendered":"<p>Segundo informa\u00e7\u00f5es do site da Prefeitura de Juiz de Fora (PJF), cerca de 30\u00a0idosos participaram nesta quinta-feira, 27, de uma visita guiada aos bondes da antiga linha Mariano Proc\u00f3pio e do Jardim de Inf\u00e2ncia, tombados como patrim\u00f4nio cultural de Juiz de Fora e mantidos no Parque da Lajinha. A a\u00e7\u00e3o foi desenvolvida pela Funda\u00e7\u00e3o Cultural Alfredo Ferreira Lage (Funalfa), por meio do Departamento de Mem\u00f3ria e Patrim\u00f4nio Cultural (Dmpac), em parceria com a Secretaria de Sustentabilidade em Meio Ambiente e Atividades Urbanas (Sesmaur).<\/p>\n<p>Os participantes, que s\u00e3o ligados ao Centro de Conviv\u00eancia do Idoso, puderam conhecer mais sobre a hist\u00f3ria deste meio de transporte que revolucionou a circula\u00e7\u00e3o urbana. Eles tamb\u00e9m contaram v\u00e1rias hist\u00f3rias pessoais relacionadas aos bondes, que, em Juiz de Fora, foram desativados em 1969. A atividade aconteceu como parte da agenda de comemora\u00e7\u00e3o do M\u00eas do Idoso.<\/p>\n<p>A supervisora de Pesquisa Educa\u00e7\u00e3o Patrimonial do Dmpac, Carine Muguet, supervisionou a a\u00e7\u00e3o desenvolvida pela estudante de Ci\u00eancias Sociais Patr\u00edcia Vidal Wanderley. \u201cA Funalfa vem desenvolvendo diversas atividades de valoriza\u00e7\u00e3o da mem\u00f3ria dos bondes, como a que ocorreu na agenda \u2018Outubro \u00e9 das Crian\u00e7as\u2019\u201d, destaca Carine.<\/p>\n<p>Ela acrescenta que a iniciativa \u00e9 parte do projeto da Prefeitura de Juiz de Fora (PJF) de levar cultura a todos os p\u00fablicos. \u201cTivemos o prazer de receber os idosos para um caf\u00e9 com muitas lembran\u00e7as. Ficamos emocionadas com o envolvimento, o carisma e o alto-astral deles. Muitos n\u00e3o s\u00e3o nascidos em Juiz de Fora e desconheciam a hist\u00f3ria dos bondes. Queremos que toda a popula\u00e7\u00e3o possa conhecer esse patrim\u00f4nio e preserv\u00e1-lo\u201d.<\/p>\n","protected":false},"excerpt":{"rendered":"<p>Segundo informa\u00e7\u00f5es do site da Prefeitura de Juiz de Fora (PJF), cerca de 30\u00a0idosos participaram nesta quinta-feira, 27, de uma visita guiada aos bondes da antiga linha Mariano Proc\u00f3pio e do Jardim de Inf\u00e2ncia, tombados como patrim\u00f4nio cultural de Juiz de Fora e mantidos no Parque da Lajinha. A a\u00e7\u00e3o foi desenvolvida pela Funda\u00e7\u00e3o Cultural [&hellip;]<\/p>\n","protected":false},"author":246,"featured_media":205993,"comment_status":"closed","ping_status":"closed","sticky":false,"template":"","format":"standard","meta":{"footnotes":""},"categories":[253,436,439],"tags":[],"class_list":["post-205992","post","type-post","status-publish","format-standard","has-post-thumbnail","hentry","category-cidade","category-destaque-da-semana","category-ultima-hora"],"_links":{"self":[{"href":"https:\/\/diarioregionaldigital.com.br\/index.php?rest_route=\/wp\/v2\/posts\/205992","targetHints":{"allow":["GET"]}}],"collection":[{"href":"https:\/\/diarioregionaldigital.com.br\/index.php?rest_route=\/wp\/v2\/posts"}],"about":[{"href":"https:\/\/diarioregionaldigital.com.br\/index.php?rest_route=\/wp\/v2\/types\/post"}],"author":[{"embeddable":true,"href":"https:\/\/diarioregionaldigital.com.br\/index.php?rest_route=\/wp\/v2\/users\/246"}],"replies":[{"embeddable":true,"href":"https:\/\/diarioregionaldigital.com.br\/index.php?rest_route=%2Fwp%2Fv2%2Fcomments&post=205992"}],"version-history":[{"count":1,"href":"https:\/\/diarioregionaldigital.com.br\/index.php?rest_route=\/wp\/v2\/posts\/205992\/revisions"}],"predecessor-version":[{"id":205994,"href":"https:\/\/diarioregionaldigital.com.br\/index.php?rest_route=\/wp\/v2\/posts\/205992\/revisions\/205994"}],"wp:featuredmedia":[{"embeddable":true,"href":"https:\/\/diarioregionaldigital.com.br\/index.php?rest_route=\/wp\/v2\/media\/205993"}],"wp:attachment":[{"href":"https:\/\/diarioregionaldigital.com.br\/index.php?rest_route=%2Fwp%2Fv2%2Fmedia&parent=205992"}],"wp:term":[{"taxonomy":"category","embeddable":true,"href":"https:\/\/diarioregionaldigital.com.br\/index.php?rest_route=%2Fwp%2Fv2%2Fcategories&post=205992"},{"taxonomy":"post_tag","embeddable":true,"href":"https:\/\/diarioregionaldigital.com.br\/index.php?rest_route=%2Fwp%2Fv2%2Ftags&post=205992"}],"curies":[{"name":"wp","href":"https:\/\/api.w.org\/{rel}","templated":true}]}}