{"id":205989,"date":"2022-10-27T20:21:32","date_gmt":"2022-10-27T23:21:32","guid":{"rendered":"https:\/\/diarioregionaldigital.com.br\/?p=205989"},"modified":"2022-10-27T20:21:32","modified_gmt":"2022-10-27T23:21:32","slug":"confira-o-funcionamento-do-parque-municipal-nos-proximos-dias","status":"publish","type":"post","link":"https:\/\/diarioregionaldigital.com.br\/?p=205989","title":{"rendered":"Confira o funcionamento do Parque Municipal nos pr\u00f3ximos dias"},"content":{"rendered":"<p>Segundo informa\u00e7\u00f5es do site da Prefeitura de Juiz de Fora (PJF), no pr\u00f3ximo domingo, 30, o Parque Municipal n\u00e3o estar\u00e1 aberto ao p\u00fablico por conta das elei\u00e7\u00f5es. O comit\u00ea gestor do parque, constitu\u00eddo pelas secretarias de Esporte e Lazer (SEL), Comunica\u00e7\u00e3o P\u00fablica (Secom) e Turismo (Setur) da Prefeitura de Juiz de Fora (PJF), definiu que o local ficar\u00e1 fechado. O Parque tamb\u00e9m n\u00e3o estar\u00e1 aberto no feriado de finados, na pr\u00f3xima quarta-feira, 2.<\/p>\n<p><strong>Confira os dias e hor\u00e1rios de funcionamento do Parque Municipal<\/strong><br \/>\nS\u00e1bado, 29 de outubro &#8211; Aberto das 8h \u00e0s 17h<br \/>\nDomingo, 30 de outubro &#8211; Fechado (Elei\u00e7\u00f5es)<br \/>\nSegunda-feira, 31 de outubro &#8211; Fechado para limpeza e manuten\u00e7\u00e3o<br \/>\nTer\u00e7a-feira, 1\u00b0 de novembro\u00a0 &#8211; Aberto das 8h \u00e0s 17h<br \/>\nQuarta-feira, 2 de novembro &#8211; Fechado (Feriado de Finados)<br \/>\nA partir de quinta-feira, 3, o funcionamento volta ao normal.<\/p>\n<p>O Parque Municipal est\u00e1 localizado na Rua do Contorno 8, no bairro Nova Calif\u00f3rnia, e funciona das 8h \u00e0s 17h, permitindo a entrada de visitantes at\u00e9 \u00e0s 16h. Para quem precisa do transporte p\u00fablico, as linhas que atendem o Parque s\u00e3o 520 (Aeroporto), 531 (Nova Calif\u00f3rnia) e 537 (Jardim da Serra), todos descritos no letreiro com \u201cVia Parque Municipal\u201d.<br \/>\n<strong>Outras Informa\u00e7\u00f5es:<\/strong><\/p>\n<p>(32) 3241-6532<\/p>\n<p>Instagram: @parquemunicipaljf<\/p>\n<p>&nbsp;<\/p>\n","protected":false},"excerpt":{"rendered":"<p>Segundo informa\u00e7\u00f5es do site da Prefeitura de Juiz de Fora (PJF), no pr\u00f3ximo domingo, 30, o Parque Municipal n\u00e3o estar\u00e1 aberto ao p\u00fablico por conta das elei\u00e7\u00f5es. O comit\u00ea gestor do parque, constitu\u00eddo pelas secretarias de Esporte e Lazer (SEL), Comunica\u00e7\u00e3o P\u00fablica (Secom) e Turismo (Setur) da Prefeitura de Juiz de Fora (PJF), definiu que [&hellip;]<\/p>\n","protected":false},"author":246,"featured_media":205990,"comment_status":"closed","ping_status":"closed","sticky":false,"template":"","format":"standard","meta":{"footnotes":""},"categories":[253,436,439],"tags":[],"class_list":["post-205989","post","type-post","status-publish","format-standard","has-post-thumbnail","hentry","category-cidade","category-destaque-da-semana","category-ultima-hora"],"_links":{"self":[{"href":"https:\/\/diarioregionaldigital.com.br\/index.php?rest_route=\/wp\/v2\/posts\/205989","targetHints":{"allow":["GET"]}}],"collection":[{"href":"https:\/\/diarioregionaldigital.com.br\/index.php?rest_route=\/wp\/v2\/posts"}],"about":[{"href":"https:\/\/diarioregionaldigital.com.br\/index.php?rest_route=\/wp\/v2\/types\/post"}],"author":[{"embeddable":true,"href":"https:\/\/diarioregionaldigital.com.br\/index.php?rest_route=\/wp\/v2\/users\/246"}],"replies":[{"embeddable":true,"href":"https:\/\/diarioregionaldigital.com.br\/index.php?rest_route=%2Fwp%2Fv2%2Fcomments&post=205989"}],"version-history":[{"count":1,"href":"https:\/\/diarioregionaldigital.com.br\/index.php?rest_route=\/wp\/v2\/posts\/205989\/revisions"}],"predecessor-version":[{"id":205991,"href":"https:\/\/diarioregionaldigital.com.br\/index.php?rest_route=\/wp\/v2\/posts\/205989\/revisions\/205991"}],"wp:featuredmedia":[{"embeddable":true,"href":"https:\/\/diarioregionaldigital.com.br\/index.php?rest_route=\/wp\/v2\/media\/205990"}],"wp:attachment":[{"href":"https:\/\/diarioregionaldigital.com.br\/index.php?rest_route=%2Fwp%2Fv2%2Fmedia&parent=205989"}],"wp:term":[{"taxonomy":"category","embeddable":true,"href":"https:\/\/diarioregionaldigital.com.br\/index.php?rest_route=%2Fwp%2Fv2%2Fcategories&post=205989"},{"taxonomy":"post_tag","embeddable":true,"href":"https:\/\/diarioregionaldigital.com.br\/index.php?rest_route=%2Fwp%2Fv2%2Ftags&post=205989"}],"curies":[{"name":"wp","href":"https:\/\/api.w.org\/{rel}","templated":true}]}}