{"id":205983,"date":"2022-10-27T20:11:00","date_gmt":"2022-10-27T23:11:00","guid":{"rendered":"https:\/\/diarioregionaldigital.com.br\/?p=205983"},"modified":"2022-10-27T20:11:00","modified_gmt":"2022-10-27T23:11:00","slug":"cpb-abre-inscricoes-para-voluntariado-nas-paralimpiadas-escolares-2022","status":"publish","type":"post","link":"https:\/\/diarioregionaldigital.com.br\/?p=205983","title":{"rendered":"CPB abre inscri\u00e7\u00f5es para voluntariado nas Paralimp\u00edadas Escolares 2022"},"content":{"rendered":"<p>O Comit\u00ea Paral\u00edmpico Brasileiro (CPB) abriu desde o dia 24 de outubro at\u00e9 o dia 4 de novembro as inscri\u00e7\u00f5es para 30 vagas de volunt\u00e1rios nas Paralimp\u00edadas Escolares 2022. A competi\u00e7\u00e3o acontecer\u00e1 no Centro de Treinamento Paral\u00edmpico, em S\u00e3o Paulo, de 23 a 25 de novembro.<\/p>\n<p>Para se inscrever, \u00e9 preciso ter idade m\u00ednima de 18 anos e ter disponibilidade do dia 21, a partir das 8h, ao dia 25 de novembro, at\u00e9 \u00e0s 18h.<\/p>\n<p>Os candidatos poder\u00e3o escolher entre atuar diretamente nas modalidades ou com o departamento de Comunica\u00e7\u00e3o. N\u00e3o \u00e9 obrigat\u00f3rio ter gradua\u00e7\u00e3o, mas \u00e9 um diferencial ser graduado nas \u00e1reas de Sa\u00fade, Educa\u00e7\u00e3o F\u00edsica e\/ou Comunica\u00e7\u00e3o.<\/p>\n<p>A inscri\u00e7\u00e3o \u00e9 via formul\u00e1rio,\u00a0<a href=\"https:\/\/forms.gle\/21ggnapHoLERKw9S6\" target=\"_blank\" rel=\"noopener\"><strong>atrav\u00e9s deste link<\/strong><\/a>, at\u00e9 o dia 04 de novembro. A diretoria de Desenvolvimento Esportivo do CPB realizar\u00e1 a triagem e a sele\u00e7\u00e3o dos inscritos.\u00a0O CPB arcar\u00e1 com alimenta\u00e7\u00e3o (almo\u00e7o e\/ou janta), camisas do evento e disponibilizar\u00e1 certificado.<\/p>\n<p>A lista final dos volunt\u00e1rios para a edi\u00e7\u00e3o deste ano das Paralimp\u00edadas Escolares ser\u00e1 divulgada no dia 07 de novembro. Os candidatos aprovados receber\u00e3o o contrato de volunt\u00e1rio para assinatura e confirma\u00e7\u00e3o da vaga.<\/p>\n<p><strong>Fonte: Assessoria de Comunica\u00e7\u00e3o do Comit\u00ea Paral\u00edmpico Brasileiro<\/strong><\/p>\n","protected":false},"excerpt":{"rendered":"<p>O Comit\u00ea Paral\u00edmpico Brasileiro (CPB) abriu desde o dia 24 de outubro at\u00e9 o dia 4 de novembro as inscri\u00e7\u00f5es para 30 vagas de volunt\u00e1rios nas Paralimp\u00edadas Escolares 2022. A competi\u00e7\u00e3o acontecer\u00e1 no Centro de Treinamento Paral\u00edmpico, em S\u00e3o Paulo, de 23 a 25 de novembro. Para se inscrever, \u00e9 preciso ter idade m\u00ednima de [&hellip;]<\/p>\n","protected":false},"author":246,"featured_media":205984,"comment_status":"closed","ping_status":"closed","sticky":false,"template":"","format":"standard","meta":{"footnotes":""},"categories":[436,257,439],"tags":[],"class_list":["post-205983","post","type-post","status-publish","format-standard","has-post-thumbnail","hentry","category-destaque-da-semana","category-esporte","category-ultima-hora"],"_links":{"self":[{"href":"https:\/\/diarioregionaldigital.com.br\/index.php?rest_route=\/wp\/v2\/posts\/205983","targetHints":{"allow":["GET"]}}],"collection":[{"href":"https:\/\/diarioregionaldigital.com.br\/index.php?rest_route=\/wp\/v2\/posts"}],"about":[{"href":"https:\/\/diarioregionaldigital.com.br\/index.php?rest_route=\/wp\/v2\/types\/post"}],"author":[{"embeddable":true,"href":"https:\/\/diarioregionaldigital.com.br\/index.php?rest_route=\/wp\/v2\/users\/246"}],"replies":[{"embeddable":true,"href":"https:\/\/diarioregionaldigital.com.br\/index.php?rest_route=%2Fwp%2Fv2%2Fcomments&post=205983"}],"version-history":[{"count":1,"href":"https:\/\/diarioregionaldigital.com.br\/index.php?rest_route=\/wp\/v2\/posts\/205983\/revisions"}],"predecessor-version":[{"id":205985,"href":"https:\/\/diarioregionaldigital.com.br\/index.php?rest_route=\/wp\/v2\/posts\/205983\/revisions\/205985"}],"wp:featuredmedia":[{"embeddable":true,"href":"https:\/\/diarioregionaldigital.com.br\/index.php?rest_route=\/wp\/v2\/media\/205984"}],"wp:attachment":[{"href":"https:\/\/diarioregionaldigital.com.br\/index.php?rest_route=%2Fwp%2Fv2%2Fmedia&parent=205983"}],"wp:term":[{"taxonomy":"category","embeddable":true,"href":"https:\/\/diarioregionaldigital.com.br\/index.php?rest_route=%2Fwp%2Fv2%2Fcategories&post=205983"},{"taxonomy":"post_tag","embeddable":true,"href":"https:\/\/diarioregionaldigital.com.br\/index.php?rest_route=%2Fwp%2Fv2%2Ftags&post=205983"}],"curies":[{"name":"wp","href":"https:\/\/api.w.org\/{rel}","templated":true}]}}