{"id":205980,"date":"2022-10-27T20:09:09","date_gmt":"2022-10-27T23:09:09","guid":{"rendered":"https:\/\/diarioregionaldigital.com.br\/?p=205980"},"modified":"2022-10-27T20:09:09","modified_gmt":"2022-10-27T23:09:09","slug":"brasil-goleia-chile-na-copa-america-e-se-classifica-para-os-jogos-parapan-americanos-2023","status":"publish","type":"post","link":"https:\/\/diarioregionaldigital.com.br\/?p=205980","title":{"rendered":"Brasil goleia Chile na Copa Am\u00e9rica e se classifica para os Jogos Parapan-Americanos 2023"},"content":{"rendered":"<p>A sele\u00e7\u00e3o brasileira de futebol de cegos venceu o Chile, por 6\u00a0a 0, nesta ter\u00e7a-feira (25.10), pela terceira rodada da Copa Am\u00e9rica da modalidade. A competi\u00e7\u00e3o ocorre em C\u00f3rdoba, na Argentina, com a final marcada para a pr\u00f3xima sexta-feira (28). Os gols contra os chilenos foram marcados por Raimundo Nonato, Jardiel (2x), Thiago Paran\u00e1 e Maxwell (2x).<\/p>\n<p>Com o resultado, o Brasil manteve 100% de aproveitamento, chegou aos nove pontos &#8211; tr\u00eas vit\u00f3rias em tr\u00eas jogos &#8211; e lidera o torneio com folga. Desta forma, a sele\u00e7\u00e3o comandada pelo t\u00e9cnico F\u00e1bio Vasconcelos se aproximou da final do torneio, j\u00e1 que os dois melhores times da primeira fase v\u00e3o decidir o t\u00edtulo.<\/p>\n<p>Al\u00e9m disso, a equipe j\u00e1 garantiu uma vaga nos Jogos Parapan-Americanos de Santiago 2023, pois as quatro primeiras sele\u00e7\u00f5es da Copa Am\u00e9rica v\u00e3o ao evento na capital chilena e o Brasil n\u00e3o sai mais do top 4.<\/p>\n<p>O pr\u00f3ximo compromisso brasileiro em C\u00f3rdoba ser\u00e1 contra a Col\u00f4mbia, nesta quarta-feira (26), \u00e0s 18h.\u00a0Uma vit\u00f3ria colocar\u00e1 a Sele\u00e7\u00e3o na final da Copa Am\u00e9rica.<\/p>\n<div><strong>O JOGO<\/strong><br \/>\nA nove minutos do fim do primeiro tempo, o Brasil j\u00e1 mostrou sua superioridade em rela\u00e7\u00e3o ao Chile. Raimundo Nonato driblou tr\u00eas oponentes antes de chutar no canto esquerdo e marcar o primeiro gol da partida. Logo na sequ\u00eancia, Jardiel, com um chute forte, no \u00e2ngulo, ampliou a vantagem brasileira.<\/p>\n<p>Em uma jogada bem parecida, Thiago Paran\u00e1 marcou o terceiro e, antes de terminar a etapa inicial, Maxwell transformou a vit\u00f3ria em goleada, com outro arremate indefens\u00e1vel para o goleiro chileno.<\/p>\n<p>Na segunda etapa, o Chile amea\u00e7ou mais a meta do Brasil, mas n\u00e3o conseguir reduzir a desvantagem. Ent\u00e3o, a cinco minutos do apito final, na primeira chance brasileira no segundo tempo, Jardiel fez o seu segundo gol no confronto, o quinto brasileiro. Ainda deu tempo de Maxwell tamb\u00e9m de marcar outra vez e definir o placar: 6 a 0.\n<\/p><\/div>\n<div><strong>Veja a tabela:<\/strong><\/p>\n<p><strong>DOMINGO \u2013 23 DE OUTUBRO<\/strong><br \/>\nPeru 1&#215;5 Argentina<br \/>\nChile 1&#215;0 Col\u00f4mbia<br \/>\n<strong>M\u00e9xico 0x1 Brasil<\/strong><\/p>\n<p><strong>SEGUNDA-FEIRA \u2013 24 DE OUTUBRO<\/strong><br \/>\nPeru 1&#215;1 Chile<br \/>\n<strong>Argentina 0x1 Brasil<\/strong><br \/>\nCol\u00f4mbia 5 x 1 M\u00e9xico<\/p>\n<p><strong>TER\u00c7A-FEIRA \u2013 25 DE OUTUBRO<\/strong><br \/>\nPeru 1 x 4 Col\u00f4mbia<br \/>\nArgentina 2 x 0 M\u00e9xico<br \/>\nChile 0 x 6\u00a0Brasil<\/p>\n<p><strong>QUARTA-FEIRA \u2013 26 DE OUTUBRO<\/strong><br \/>\n14h Peru x M\u00e9xico<br \/>\n16h Argentina x Chile<br \/>\n18h Col\u00f4mbia x Brasil<\/p>\n<p><strong>QUINTA-FEIRA \u2013 27 DE OUTUBRO<\/strong><br \/>\n14h Peru x Brasil<br \/>\n16h Argentina x Col\u00f4mbia<br \/>\n18h Chile x M\u00e9xico<\/p>\n<p><strong>SEXTA-FEIRA \u2013 28 DE OUTUBRO<\/strong><br \/>\n16h 3\u00ba colocado x 4\u00ba colocado<br \/>\n18h 1\u00ba colocado x 2\u00ba colocado<\/p>\n<p><strong>Fonte: Comit\u00ea Paral\u00edmpico Brasileiro<\/strong><\/div>\n","protected":false},"excerpt":{"rendered":"<p>A sele\u00e7\u00e3o brasileira de futebol de cegos venceu o Chile, por 6\u00a0a 0, nesta ter\u00e7a-feira (25.10), pela terceira rodada da Copa Am\u00e9rica da modalidade. A competi\u00e7\u00e3o ocorre em C\u00f3rdoba, na Argentina, com a final marcada para a pr\u00f3xima sexta-feira (28). Os gols contra os chilenos foram marcados por Raimundo Nonato, Jardiel (2x), Thiago Paran\u00e1 e [&hellip;]<\/p>\n","protected":false},"author":246,"featured_media":205981,"comment_status":"closed","ping_status":"closed","sticky":false,"template":"","format":"standard","meta":{"footnotes":""},"categories":[436,257,439],"tags":[],"class_list":["post-205980","post","type-post","status-publish","format-standard","has-post-thumbnail","hentry","category-destaque-da-semana","category-esporte","category-ultima-hora"],"_links":{"self":[{"href":"https:\/\/diarioregionaldigital.com.br\/index.php?rest_route=\/wp\/v2\/posts\/205980","targetHints":{"allow":["GET"]}}],"collection":[{"href":"https:\/\/diarioregionaldigital.com.br\/index.php?rest_route=\/wp\/v2\/posts"}],"about":[{"href":"https:\/\/diarioregionaldigital.com.br\/index.php?rest_route=\/wp\/v2\/types\/post"}],"author":[{"embeddable":true,"href":"https:\/\/diarioregionaldigital.com.br\/index.php?rest_route=\/wp\/v2\/users\/246"}],"replies":[{"embeddable":true,"href":"https:\/\/diarioregionaldigital.com.br\/index.php?rest_route=%2Fwp%2Fv2%2Fcomments&post=205980"}],"version-history":[{"count":1,"href":"https:\/\/diarioregionaldigital.com.br\/index.php?rest_route=\/wp\/v2\/posts\/205980\/revisions"}],"predecessor-version":[{"id":205982,"href":"https:\/\/diarioregionaldigital.com.br\/index.php?rest_route=\/wp\/v2\/posts\/205980\/revisions\/205982"}],"wp:featuredmedia":[{"embeddable":true,"href":"https:\/\/diarioregionaldigital.com.br\/index.php?rest_route=\/wp\/v2\/media\/205981"}],"wp:attachment":[{"href":"https:\/\/diarioregionaldigital.com.br\/index.php?rest_route=%2Fwp%2Fv2%2Fmedia&parent=205980"}],"wp:term":[{"taxonomy":"category","embeddable":true,"href":"https:\/\/diarioregionaldigital.com.br\/index.php?rest_route=%2Fwp%2Fv2%2Fcategories&post=205980"},{"taxonomy":"post_tag","embeddable":true,"href":"https:\/\/diarioregionaldigital.com.br\/index.php?rest_route=%2Fwp%2Fv2%2Ftags&post=205980"}],"curies":[{"name":"wp","href":"https:\/\/api.w.org\/{rel}","templated":true}]}}