{"id":205977,"date":"2022-10-27T20:05:46","date_gmt":"2022-10-27T23:05:46","guid":{"rendered":"https:\/\/diarioregionaldigital.com.br\/?p=205977"},"modified":"2022-10-27T20:05:46","modified_gmt":"2022-10-27T23:05:46","slug":"brasileiro-inter-vence-ceara-para-continuar-lutando-pelo-titulo","status":"publish","type":"post","link":"https:\/\/diarioregionaldigital.com.br\/?p=205977","title":{"rendered":"Brasileiro: Inter vence Cear\u00e1 para continuar lutando pelo t\u00edtulo"},"content":{"rendered":"<p>O Internacional arrancou uma vit\u00f3ria de 2 a 1 de virada sobre o Cear\u00e1 para continuar vivo na luta pelo t\u00edtulo do Campeonato Brasileiro. Com o triunfo alcan\u00e7ado na noite desta quarta-feira (27) no est\u00e1dio do Beira Rio, o Colorado permanece com uma pequena chance de ser campe\u00e3o da competi\u00e7\u00e3o.<img decoding=\"async\" src=\"https:\/\/agenciabrasil.ebc.com.br\/ebc.png?id=1490454&amp;o=node\" \/><img decoding=\"async\" src=\"https:\/\/agenciabrasil.ebc.com.br\/ebc.gif?id=1490454&amp;o=node\" \/><\/p>\n<p>Ap\u00f3s vencer em casa, o time ga\u00facho reassumiu a vice-lideran\u00e7a, agora com 64 pontos, dez a menos do que o l\u00edder Palmeiras, quando faltam cinco rodadas a serem disputadas. Assim, basta ao Verd\u00e3o derrotar o Fortaleza na pr\u00f3xima quarta (2) para levar o trof\u00e9u da competi\u00e7\u00e3o para casa sem depender de mais nenhum resultado.<\/p>\n<p>Mesmo jogando em casa, a vida do Internacional n\u00e3o come\u00e7ou f\u00e1cil, pois viu Lima abrir o placar para o Cear\u00e1 em cobran\u00e7a de p\u00eanalti aos 5 minutos de bola rolando. Mas o Colorado marcou duas vezes na etapa final para se manter vivo na competi\u00e7\u00e3o. O primeiro veio com Eden\u00edlson, aos 19 minutos, e o segundo saiu dos p\u00e9s de Alan Patrick em cobran\u00e7a de p\u00eanalti, j\u00e1 aos 32 minutos.<\/p>\n<h2>Empate na Serrinha<\/h2>\n<p>No est\u00e1dio da Serrinha, o Am\u00e9rica-MG empatou em 2 a 2 com o Goi\u00e1s. Ap\u00f3s este resultado, o Coelho ficou na 10\u00aa posi\u00e7\u00e3o com 46 pontos. J\u00e1 o Esmeraldino chegou aos 42 pontos, na 13\u00aa posi\u00e7\u00e3o.<\/p>\n<p><span style=\"font-weight: 400;\">Fonte: Ag\u00eancia Brasil <\/span><\/p>\n","protected":false},"excerpt":{"rendered":"<p>O Internacional arrancou uma vit\u00f3ria de 2 a 1 de virada sobre o Cear\u00e1 para continuar vivo na luta pelo t\u00edtulo do Campeonato Brasileiro. Com o triunfo alcan\u00e7ado na noite desta quarta-feira (27) no est\u00e1dio do Beira Rio, o Colorado permanece com uma pequena chance de ser campe\u00e3o da competi\u00e7\u00e3o. Ap\u00f3s vencer em casa, o [&hellip;]<\/p>\n","protected":false},"author":246,"featured_media":205978,"comment_status":"closed","ping_status":"closed","sticky":false,"template":"","format":"standard","meta":{"footnotes":""},"categories":[436,254,439],"tags":[],"class_list":["post-205977","post","type-post","status-publish","format-standard","has-post-thumbnail","hentry","category-destaque-da-semana","category-politica","category-ultima-hora"],"_links":{"self":[{"href":"https:\/\/diarioregionaldigital.com.br\/index.php?rest_route=\/wp\/v2\/posts\/205977","targetHints":{"allow":["GET"]}}],"collection":[{"href":"https:\/\/diarioregionaldigital.com.br\/index.php?rest_route=\/wp\/v2\/posts"}],"about":[{"href":"https:\/\/diarioregionaldigital.com.br\/index.php?rest_route=\/wp\/v2\/types\/post"}],"author":[{"embeddable":true,"href":"https:\/\/diarioregionaldigital.com.br\/index.php?rest_route=\/wp\/v2\/users\/246"}],"replies":[{"embeddable":true,"href":"https:\/\/diarioregionaldigital.com.br\/index.php?rest_route=%2Fwp%2Fv2%2Fcomments&post=205977"}],"version-history":[{"count":1,"href":"https:\/\/diarioregionaldigital.com.br\/index.php?rest_route=\/wp\/v2\/posts\/205977\/revisions"}],"predecessor-version":[{"id":205979,"href":"https:\/\/diarioregionaldigital.com.br\/index.php?rest_route=\/wp\/v2\/posts\/205977\/revisions\/205979"}],"wp:featuredmedia":[{"embeddable":true,"href":"https:\/\/diarioregionaldigital.com.br\/index.php?rest_route=\/wp\/v2\/media\/205978"}],"wp:attachment":[{"href":"https:\/\/diarioregionaldigital.com.br\/index.php?rest_route=%2Fwp%2Fv2%2Fmedia&parent=205977"}],"wp:term":[{"taxonomy":"category","embeddable":true,"href":"https:\/\/diarioregionaldigital.com.br\/index.php?rest_route=%2Fwp%2Fv2%2Fcategories&post=205977"},{"taxonomy":"post_tag","embeddable":true,"href":"https:\/\/diarioregionaldigital.com.br\/index.php?rest_route=%2Fwp%2Fv2%2Ftags&post=205977"}],"curies":[{"name":"wp","href":"https:\/\/api.w.org\/{rel}","templated":true}]}}