{"id":205974,"date":"2022-10-27T20:04:19","date_gmt":"2022-10-27T23:04:19","guid":{"rendered":"https:\/\/diarioregionaldigital.com.br\/?p=205974"},"modified":"2022-10-27T20:04:19","modified_gmt":"2022-10-27T23:04:19","slug":"calderano-perde-na-estreia-para-numero-3-e-da-adeus-ao-wtt-cup-finals","status":"publish","type":"post","link":"https:\/\/diarioregionaldigital.com.br\/?p=205974","title":{"rendered":"Calderano perde na estreia para n\u00famero 3 e d\u00e1 adeus ao WTT Cup Finals"},"content":{"rendered":"<p>Duas vezes medalha de bronze no WTT Cup Finals (2018 e 2021), o brasileiro Hugo Calderano sofreu rev\u00e9s na estreia e deu adeus precoce \u00e0 edi\u00e7\u00e3o deste ano. N\u00famero 6 do mundo, o carioca foi superado pelo sueco Truls Moregard (3\u00ba no ranking) por 3 sets a 1. A competi\u00e7\u00e3o em Xinxiang (China) re\u00fane os 16 melhores do mundo at\u00e9 o pr\u00f3ximo domingo (30). Calderano era o \u00fanico brasileiro na competi\u00e7\u00e3o.<img decoding=\"async\" src=\"https:\/\/agenciabrasil.ebc.com.br\/ebc.png?id=1490629&amp;o=node\" \/><img decoding=\"async\" src=\"https:\/\/agenciabrasil.ebc.com.br\/ebc.gif?id=1490629&amp;o=node\" \/><\/p>\n<p>Logo no primeiro set, o sueco de 20 anos imp\u00f4s um ritmo agressivo de jogo, chegando a quebrar quatro vezes o saque do brasileiro, concluindo a parcial em 11 a 5. No set seguinte, Moregard manteve o dom\u00ednio, se aproveitando das falhas de Calderano, at\u00e9 fechar em 11 a 6.<\/p>\n<p>J\u00e1 a terceira parcial foi a melhor para Calderano, que passou a acertar paralelas e encaixar devolu\u00e7\u00f5es em\u00a0<em>backhand<\/em>. Mais confiante, o brasileiro fez um jogo parelho com o sueco. Mesmo quando o placar estava em 9 a 9, com dois servi\u00e7os a favor do advers\u00e1rio, Calderano manteve a tranquilidade at\u00e9 ganhar, fechando o set em 12 a 10.<\/p>\n<p>O carioca come\u00e7ou bem a quarta parcial, chegando a liderar por 9 a 5. No entanto, o sueco emplacou uma sequ\u00eancia de sete pontos, fechando o set em 11 a 9, garantindo o triunfo e a classifica\u00e7\u00e3o \u00e0s quartas de final.<\/p>\n<p><span style=\"font-weight: 400;\"><br \/>\n<\/span><span style=\"font-weight: 400;\">Fonte: Ag\u00eancia Brasil <\/span><\/p>\n","protected":false},"excerpt":{"rendered":"<p>Duas vezes medalha de bronze no WTT Cup Finals (2018 e 2021), o brasileiro Hugo Calderano sofreu rev\u00e9s na estreia e deu adeus precoce \u00e0 edi\u00e7\u00e3o deste ano. N\u00famero 6 do mundo, o carioca foi superado pelo sueco Truls Moregard (3\u00ba no ranking) por 3 sets a 1. A competi\u00e7\u00e3o em Xinxiang (China) re\u00fane os [&hellip;]<\/p>\n","protected":false},"author":246,"featured_media":205975,"comment_status":"closed","ping_status":"closed","sticky":false,"template":"","format":"standard","meta":{"footnotes":""},"categories":[436,440,257,439],"tags":[],"class_list":["post-205974","post","type-post","status-publish","format-standard","has-post-thumbnail","hentry","category-destaque-da-semana","category-destaques-do-dia","category-esporte","category-ultima-hora"],"_links":{"self":[{"href":"https:\/\/diarioregionaldigital.com.br\/index.php?rest_route=\/wp\/v2\/posts\/205974","targetHints":{"allow":["GET"]}}],"collection":[{"href":"https:\/\/diarioregionaldigital.com.br\/index.php?rest_route=\/wp\/v2\/posts"}],"about":[{"href":"https:\/\/diarioregionaldigital.com.br\/index.php?rest_route=\/wp\/v2\/types\/post"}],"author":[{"embeddable":true,"href":"https:\/\/diarioregionaldigital.com.br\/index.php?rest_route=\/wp\/v2\/users\/246"}],"replies":[{"embeddable":true,"href":"https:\/\/diarioregionaldigital.com.br\/index.php?rest_route=%2Fwp%2Fv2%2Fcomments&post=205974"}],"version-history":[{"count":1,"href":"https:\/\/diarioregionaldigital.com.br\/index.php?rest_route=\/wp\/v2\/posts\/205974\/revisions"}],"predecessor-version":[{"id":205976,"href":"https:\/\/diarioregionaldigital.com.br\/index.php?rest_route=\/wp\/v2\/posts\/205974\/revisions\/205976"}],"wp:featuredmedia":[{"embeddable":true,"href":"https:\/\/diarioregionaldigital.com.br\/index.php?rest_route=\/wp\/v2\/media\/205975"}],"wp:attachment":[{"href":"https:\/\/diarioregionaldigital.com.br\/index.php?rest_route=%2Fwp%2Fv2%2Fmedia&parent=205974"}],"wp:term":[{"taxonomy":"category","embeddable":true,"href":"https:\/\/diarioregionaldigital.com.br\/index.php?rest_route=%2Fwp%2Fv2%2Fcategories&post=205974"},{"taxonomy":"post_tag","embeddable":true,"href":"https:\/\/diarioregionaldigital.com.br\/index.php?rest_route=%2Fwp%2Fv2%2Ftags&post=205974"}],"curies":[{"name":"wp","href":"https:\/\/api.w.org\/{rel}","templated":true}]}}