{"id":205971,"date":"2022-10-27T19:41:05","date_gmt":"2022-10-27T22:41:05","guid":{"rendered":"https:\/\/diarioregionaldigital.com.br\/?p=205971"},"modified":"2022-10-27T19:41:05","modified_gmt":"2022-10-27T22:41:05","slug":"onibus-trem-e-metro-terao-passe-livre-no-domingo-de-eleicoes-em-sp","status":"publish","type":"post","link":"https:\/\/diarioregionaldigital.com.br\/?p=205971","title":{"rendered":"\u00d4nibus, trem e metr\u00f4 ter\u00e3o passe livre no domingo de elei\u00e7\u00f5es em SP"},"content":{"rendered":"<p>O governo de S\u00e3o Paulo divulgou hoje (27) que o transporte p\u00fablico por trilhos e tamb\u00e9m por \u00f4nibus metropolitano ser\u00e1 gratuito no domingo (30), dia de elei\u00e7\u00f5es. A medida, segundo o governo, valer\u00e1 para o Metr\u00f4 de S\u00e3o Paulo, os trens da Companhia Paulista de Trens Metropolitanos (CPTM), os \u00f4nibus da Empresa Metropolitana de Transportes Urbanos (EMTU) e tamb\u00e9m para \u00f4nibus intermunicipais de todo o estado.<img decoding=\"async\" src=\"https:\/\/agenciabrasil.ebc.com.br\/ebc.png?id=1490628&amp;o=node\" \/><img decoding=\"async\" src=\"https:\/\/agenciabrasil.ebc.com.br\/ebc.gif?id=1490628&amp;o=node\" \/><\/p>\n<p>A medida, segundo o governo, custar\u00e1 R$ 11,5 milh\u00f5es aos cofres p\u00fablicos.<\/p>\n<p>\u201cDomingo \u00e9 o dia da democracia, por isso \u00e9 justo que todos tenham acesso ao transporte p\u00fablico e possam votar com igualdade de condi\u00e7\u00f5es. Portanto, catraca livre\u201d, disse o governador de S\u00e3o Paulo, Rodrigo Garcia.<\/p>\n<p>Nesta semana, o prefeito de S\u00e3o Paulo, Ricardo Nunes, anunciou\u00a0<a href=\"https:\/\/agenciabrasil.ebc.com.br\/politica\/noticia\/2022-10\/sao-paulo-tera-passe-livre-no-dia-de-eleicao\" target=\"_blank\" rel=\"noopener\">gratuidade para os \u00f4nibus municipais\u00a0<\/a>que circulam na capital paulista. O transporte ser\u00e1 gratuito em qualquer linha das 6h \u00e0s 20h. Os passageiros v\u00e3o embarcar pela porta traseira.<\/p>\n<p>Essas iniciativas t\u00eam como base a decis\u00e3o do Supremo Tribunal Federal (STF) que<a href=\"https:\/\/agenciabrasil.ebc.com.br\/justica\/noticia\/2022-10\/estados-tambem-podem-oferecer-transporte-gratuito-no-segundo-turno\" target=\"_blank\" rel=\"noopener\">\u00a0liberou o transporte p\u00fablico gratuito\u00a0<\/a>no segundo turno das elei\u00e7\u00f5es. A decis\u00e3o permite que prefeitos e governadores que adotarem a medida n\u00e3o sejam responsabilizados por improbidade administrativa ou crime eleitoral.<\/p>\n<p>No domingo ser\u00e1 realizado o segundo turno de elei\u00e7\u00f5es presidenciais no Brasil. Nesse mesmo dia, o eleitor do estado de S\u00e3o Paulo ir\u00e1 escolher o seu pr\u00f3ximo governador.<\/p>\n<p>Segundo o governo paulista, a gratuidade\u00a0 vai valer entre as 6h e 20h de domingo para o Metr\u00f4, CPTM e EMTU. J\u00e1 para os \u00f4nibus intermunicipais (como os que s\u00e3o operados pela Via\u00e7\u00e3o Cometa, Via\u00e7\u00e3o Piracicabana, Via\u00e7\u00e3o Santa Cruz, etc) ter\u00e3o isen\u00e7\u00e3o durante as 24 horas de domingo. As balsas, no entanto, n\u00e3o ter\u00e3o gratuidade.<\/p>\n<p><span style=\"font-weight: 400;\"><br \/>\n<\/span><span style=\"font-weight: 400;\">Fonte: Ag\u00eancia Brasil <\/span><\/p>\n","protected":false},"excerpt":{"rendered":"<p>O governo de S\u00e3o Paulo divulgou hoje (27) que o transporte p\u00fablico por trilhos e tamb\u00e9m por \u00f4nibus metropolitano ser\u00e1 gratuito no domingo (30), dia de elei\u00e7\u00f5es. A medida, segundo o governo, valer\u00e1 para o Metr\u00f4 de S\u00e3o Paulo, os trens da Companhia Paulista de Trens Metropolitanos (CPTM), os \u00f4nibus da Empresa Metropolitana de Transportes [&hellip;]<\/p>\n","protected":false},"author":246,"featured_media":205972,"comment_status":"closed","ping_status":"closed","sticky":false,"template":"","format":"standard","meta":{"footnotes":""},"categories":[436,254,439],"tags":[],"class_list":["post-205971","post","type-post","status-publish","format-standard","has-post-thumbnail","hentry","category-destaque-da-semana","category-politica","category-ultima-hora"],"_links":{"self":[{"href":"https:\/\/diarioregionaldigital.com.br\/index.php?rest_route=\/wp\/v2\/posts\/205971","targetHints":{"allow":["GET"]}}],"collection":[{"href":"https:\/\/diarioregionaldigital.com.br\/index.php?rest_route=\/wp\/v2\/posts"}],"about":[{"href":"https:\/\/diarioregionaldigital.com.br\/index.php?rest_route=\/wp\/v2\/types\/post"}],"author":[{"embeddable":true,"href":"https:\/\/diarioregionaldigital.com.br\/index.php?rest_route=\/wp\/v2\/users\/246"}],"replies":[{"embeddable":true,"href":"https:\/\/diarioregionaldigital.com.br\/index.php?rest_route=%2Fwp%2Fv2%2Fcomments&post=205971"}],"version-history":[{"count":1,"href":"https:\/\/diarioregionaldigital.com.br\/index.php?rest_route=\/wp\/v2\/posts\/205971\/revisions"}],"predecessor-version":[{"id":205973,"href":"https:\/\/diarioregionaldigital.com.br\/index.php?rest_route=\/wp\/v2\/posts\/205971\/revisions\/205973"}],"wp:featuredmedia":[{"embeddable":true,"href":"https:\/\/diarioregionaldigital.com.br\/index.php?rest_route=\/wp\/v2\/media\/205972"}],"wp:attachment":[{"href":"https:\/\/diarioregionaldigital.com.br\/index.php?rest_route=%2Fwp%2Fv2%2Fmedia&parent=205971"}],"wp:term":[{"taxonomy":"category","embeddable":true,"href":"https:\/\/diarioregionaldigital.com.br\/index.php?rest_route=%2Fwp%2Fv2%2Fcategories&post=205971"},{"taxonomy":"post_tag","embeddable":true,"href":"https:\/\/diarioregionaldigital.com.br\/index.php?rest_route=%2Fwp%2Fv2%2Ftags&post=205971"}],"curies":[{"name":"wp","href":"https:\/\/api.w.org\/{rel}","templated":true}]}}