{"id":205968,"date":"2022-10-27T19:38:42","date_gmt":"2022-10-27T22:38:42","guid":{"rendered":"https:\/\/diarioregionaldigital.com.br\/?p=205968"},"modified":"2022-10-27T19:38:42","modified_gmt":"2022-10-27T22:38:42","slug":"maioria-do-stf-vota-pela-reativacao-do-fundo-amazonia","status":"publish","type":"post","link":"https:\/\/diarioregionaldigital.com.br\/?p=205968","title":{"rendered":"Maioria do STF vota pela reativa\u00e7\u00e3o do Fundo Amaz\u00f4nia"},"content":{"rendered":"<p>O Supremo Tribunal Federal (STF) formou hoje (27) maioria de votos para determinar a reativa\u00e7\u00e3o do Fundo Amaz\u00f4nia, criado para captar recursos e financiar medidas de prote\u00e7\u00e3o ao meio ambiente na regi\u00e3o. Apesar do entendimento, o julgamento ainda n\u00e3o terminou e ser\u00e1 retomado no dia 3 de novembro.<img decoding=\"async\" src=\"https:\/\/agenciabrasil.ebc.com.br\/ebc.png?id=1490659&amp;o=node\" \/><img decoding=\"async\" src=\"https:\/\/agenciabrasil.ebc.com.br\/ebc.gif?id=1490659&amp;o=node\" \/><\/p>\n<p>A Corte julga uma a\u00e7\u00e3o declarat\u00f3ria de omiss\u00e3o para garantir o funcionamento do fundo. A a\u00e7\u00e3o foi protocolada em junho de 2020 por partidos de oposi\u00e7\u00e3o, entre eles, PT, PSB, PSOL, al\u00e9m de entidades ligadas \u00e0 defesa do meio ambiente. Todos pedem que o Supremo reconhe\u00e7a a omiss\u00e3o do governo federal em implantar medidas para o desbloqueio de R$ 1,5 bilh\u00e3o em recursos do fundo.<\/p>\n<p>At\u00e9 o momento, a maioria dos ministros seguiu voto proferido pela relatora, ministra Rosa Weber, para quem o governo federal deve retomar a gest\u00e3o do fundo no formato de governan\u00e7a original para combater o desmatamento na regi\u00e3o.<\/p>\n<p>O voto foi seguido pelos ministros Alexandre de Moraes, Edson Fachin, Ricardo Lewandowski, Lu\u00eds Roberto Barroso, Luiz Fux e Dias Toffoli.<\/p>\n<p>Na sess\u00e3o de ontem (26), Andr\u00e9 Mendon\u00e7a seguiu a relatora em parte e entendeu que n\u00e3o h\u00e1 omiss\u00e3o no caso, mas inconstitucionalidade em alguns artigos. Nunes Marques votou pela rejei\u00e7\u00e3o da a\u00e7\u00e3o.<\/p>\n<p>Criado em 2008, o fundo recebe doa\u00e7\u00f5es de institui\u00e7\u00f5es e governos internacionais para financiar a\u00e7\u00f5es de preven\u00e7\u00e3o e combate ao desmatamento na Amaz\u00f4nia Legal. Em 2019, a Alemanha e a Noruega suspenderam os repasses para novos projetos\u00a0<a href=\"https:\/\/agenciabrasil.ebc.com.br\/geral\/noticia\/2019-08\/ministro-do-meio-ambiente-defende-reestruturacao-do-fundo-amazonia\" target=\"_blank\" rel=\"noopener\">ap\u00f3s o governo brasileiro apresentar sugest\u00f5es de mudan\u00e7as<\/a>\u00a0na aplica\u00e7\u00e3o dos recursos e extinguir colegiados de gest\u00e3o do fundo.<\/p>\n<p><span style=\"font-weight: 400;\">Fonte: Ag\u00eancia Brasil <\/span><\/p>\n","protected":false},"excerpt":{"rendered":"<p>O Supremo Tribunal Federal (STF) formou hoje (27) maioria de votos para determinar a reativa\u00e7\u00e3o do Fundo Amaz\u00f4nia, criado para captar recursos e financiar medidas de prote\u00e7\u00e3o ao meio ambiente na regi\u00e3o. Apesar do entendimento, o julgamento ainda n\u00e3o terminou e ser\u00e1 retomado no dia 3 de novembro. A Corte julga uma a\u00e7\u00e3o declarat\u00f3ria de [&hellip;]<\/p>\n","protected":false},"author":246,"featured_media":205969,"comment_status":"closed","ping_status":"closed","sticky":false,"template":"","format":"standard","meta":{"footnotes":""},"categories":[436,254,439],"tags":[],"class_list":["post-205968","post","type-post","status-publish","format-standard","has-post-thumbnail","hentry","category-destaque-da-semana","category-politica","category-ultima-hora"],"_links":{"self":[{"href":"https:\/\/diarioregionaldigital.com.br\/index.php?rest_route=\/wp\/v2\/posts\/205968","targetHints":{"allow":["GET"]}}],"collection":[{"href":"https:\/\/diarioregionaldigital.com.br\/index.php?rest_route=\/wp\/v2\/posts"}],"about":[{"href":"https:\/\/diarioregionaldigital.com.br\/index.php?rest_route=\/wp\/v2\/types\/post"}],"author":[{"embeddable":true,"href":"https:\/\/diarioregionaldigital.com.br\/index.php?rest_route=\/wp\/v2\/users\/246"}],"replies":[{"embeddable":true,"href":"https:\/\/diarioregionaldigital.com.br\/index.php?rest_route=%2Fwp%2Fv2%2Fcomments&post=205968"}],"version-history":[{"count":1,"href":"https:\/\/diarioregionaldigital.com.br\/index.php?rest_route=\/wp\/v2\/posts\/205968\/revisions"}],"predecessor-version":[{"id":205970,"href":"https:\/\/diarioregionaldigital.com.br\/index.php?rest_route=\/wp\/v2\/posts\/205968\/revisions\/205970"}],"wp:featuredmedia":[{"embeddable":true,"href":"https:\/\/diarioregionaldigital.com.br\/index.php?rest_route=\/wp\/v2\/media\/205969"}],"wp:attachment":[{"href":"https:\/\/diarioregionaldigital.com.br\/index.php?rest_route=%2Fwp%2Fv2%2Fmedia&parent=205968"}],"wp:term":[{"taxonomy":"category","embeddable":true,"href":"https:\/\/diarioregionaldigital.com.br\/index.php?rest_route=%2Fwp%2Fv2%2Fcategories&post=205968"},{"taxonomy":"post_tag","embeddable":true,"href":"https:\/\/diarioregionaldigital.com.br\/index.php?rest_route=%2Fwp%2Fv2%2Ftags&post=205968"}],"curies":[{"name":"wp","href":"https:\/\/api.w.org\/{rel}","templated":true}]}}