{"id":205965,"date":"2022-10-27T19:34:20","date_gmt":"2022-10-27T22:34:20","guid":{"rendered":"https:\/\/diarioregionaldigital.com.br\/?p=205965"},"modified":"2022-10-27T19:34:20","modified_gmt":"2022-10-27T22:34:20","slug":"presidente-do-tse-faz-apelo-contra-abstencao-no-segundo-turno","status":"publish","type":"post","link":"https:\/\/diarioregionaldigital.com.br\/?p=205965","title":{"rendered":"Presidente do TSE faz apelo contra absten\u00e7\u00e3o no segundo turno"},"content":{"rendered":"<p>O presidente do Tribunal Superior Eleitoral (TSE), ministro Alexandre de Moraes, agradeceu hoje (27) aos eleitores que votaram no primeiro turno e encorajou que todos voltem \u00e0s urnas no segundo turno, que ocorre no pr\u00f3ximo domingo (30).<img decoding=\"async\" src=\"https:\/\/agenciabrasil.ebc.com.br\/ebc.png?id=1490540&amp;o=node\" \/><img decoding=\"async\" src=\"https:\/\/agenciabrasil.ebc.com.br\/ebc.gif?id=1490540&amp;o=node\" \/><\/p>\n<p>O ministro tamb\u00e9m agradeceu as prefeituras das 27 capitais ap\u00f3s todas confirmarem a gratuidade do transporte p\u00fablico no segundo turno. No primeiro turno, somente 12 capitais tiveram passe livre, e a taxa de absten\u00e7\u00e3o ficou em 20,89%, o equivalente a cerca de 32,7 milh\u00f5es de eleitores.<\/p>\n<p>\u201cVamos diminuir essa absten\u00e7\u00e3o e o transporte p\u00fablico gratuito ajudar\u00e1. Quanto mais transporte p\u00fablico e quanto mais eleitores comparecerem, mais democracia\u201d, disse Moraes ao encerrar a \u00faltima sess\u00e3o plen\u00e1ria do TSE antes da vota\u00e7\u00e3o de domingo.<\/p>\n<p>Ele tamb\u00e9m encorajou os eleitores e eleitoras a n\u00e3o se intimidarem com amea\u00e7as e pediu que denunciem os casos de ass\u00e9dio eleitoral. \u201cN\u00e3o podemos permitir que os eleitores sejam assediados, sejam coagidos, sejam amea\u00e7ados, inclusive \u00e9 ass\u00e9dio eleitoral empregadores amea\u00e7arem seus empregados\u201d, disse Moraes.<\/p>\n<p>De acordo com dados do Minist\u00e9rio P\u00fablico do Trabalho (MPT), as den\u00fancias de ass\u00e9dio eleitoral em empresas explodiram ao longo da campanha de segundo turno, chegando a 1.572 casos at\u00e9 o momento, ante apenas 61 registrados no primeiro turno.<\/p>\n<p>\u201cPe\u00e7o a todos os eleitores e eleitoras, assim como fizeram no primeiro turno, que compare\u00e7am com tranquilidade, com paz, para escolher os seus candidatos, Escolham com liberdade\u201d, apelou Moraes.<\/p>\n<h2>R\u00e1dios<\/h2>\n<p>O ministro Alexandre de Moraes tamb\u00e9m reafirmou nesta quinta-feira que n\u00e3o cabe \u00e0 Justi\u00e7a Eleitoral fiscalizar se as r\u00e1dios de todo o pa\u00eds cumprem a legisla\u00e7\u00e3o eleitoral e veiculam como devem as inser\u00e7\u00f5es obrigat\u00f3rias com a propaganda de cada candidato.<\/p>\n<p>&#8220;Como todos sabemos, n\u00e3o \u00e9, nunca foi, e continuar\u00e1 n\u00e3o sendo responsabilidade do TSE distribuir m\u00eddias de televis\u00e3o e r\u00e1dio e fiscalizar r\u00e1dio por r\u00e1dio no pa\u00eds todo se as r\u00e1dios est\u00e3o transmitindo as inser\u00e7\u00f5es dos candidatos. Isso todos os partidos de boa f\u00e9 sabem, todos os candidatos de boa f\u00e9 sabem\u201d, afirmou Moraes.<\/p>\n<p>Ontem (26),\u00a0<a href=\"https:\/\/agenciabrasil.ebc.com.br\/politica\/noticia\/2022-10\/moraes-rejeita-investigar-falta-de-insercoes-na-campanha-de-bolsonaro\" target=\"_blank\" rel=\"noopener\">o ministro negou seguimento a uma peti\u00e7\u00e3o<\/a>\u00a0em que a campanha do presidente Jair Bolsonaro, candidato \u00e0 reelei\u00e7\u00e3o, alegava ter sido prejudicado por r\u00e1dios das regi\u00f5es Norte e Nordeste, que n\u00e3o teriam veiculado centenas de suas inser\u00e7\u00f5es obrigat\u00f3rias.<\/p>\n<p>Ainda na noite de ontem, Bolsonaro afirmou recorrer\u00e1 da decis\u00e3o de Moraes. &#8220;Da nossa parte, iremos \u00e0s \u00faltimas consequ\u00eancias, dentro das quatro linhas da Constitui\u00e7\u00e3o, fazer valer aquilo que as nossas auditorias constataram. Realmente, um enorme desequil\u00edbrio no tocante \u00e0s inser\u00e7\u00f5es. Isso \u00e9 claro que interfere na quantidade de votos no final da linha&#8221;, disse o candidato.<\/p>\n<p><span style=\"font-weight: 400;\">Fonte: Ag\u00eancia Brasil <\/span><\/p>\n","protected":false},"excerpt":{"rendered":"<p>O presidente do Tribunal Superior Eleitoral (TSE), ministro Alexandre de Moraes, agradeceu hoje (27) aos eleitores que votaram no primeiro turno e encorajou que todos voltem \u00e0s urnas no segundo turno, que ocorre no pr\u00f3ximo domingo (30). O ministro tamb\u00e9m agradeceu as prefeituras das 27 capitais ap\u00f3s todas confirmarem a gratuidade do transporte p\u00fablico no [&hellip;]<\/p>\n","protected":false},"author":246,"featured_media":205966,"comment_status":"closed","ping_status":"closed","sticky":false,"template":"","format":"standard","meta":{"footnotes":""},"categories":[436,254,439],"tags":[],"class_list":["post-205965","post","type-post","status-publish","format-standard","has-post-thumbnail","hentry","category-destaque-da-semana","category-politica","category-ultima-hora"],"_links":{"self":[{"href":"https:\/\/diarioregionaldigital.com.br\/index.php?rest_route=\/wp\/v2\/posts\/205965","targetHints":{"allow":["GET"]}}],"collection":[{"href":"https:\/\/diarioregionaldigital.com.br\/index.php?rest_route=\/wp\/v2\/posts"}],"about":[{"href":"https:\/\/diarioregionaldigital.com.br\/index.php?rest_route=\/wp\/v2\/types\/post"}],"author":[{"embeddable":true,"href":"https:\/\/diarioregionaldigital.com.br\/index.php?rest_route=\/wp\/v2\/users\/246"}],"replies":[{"embeddable":true,"href":"https:\/\/diarioregionaldigital.com.br\/index.php?rest_route=%2Fwp%2Fv2%2Fcomments&post=205965"}],"version-history":[{"count":1,"href":"https:\/\/diarioregionaldigital.com.br\/index.php?rest_route=\/wp\/v2\/posts\/205965\/revisions"}],"predecessor-version":[{"id":205967,"href":"https:\/\/diarioregionaldigital.com.br\/index.php?rest_route=\/wp\/v2\/posts\/205965\/revisions\/205967"}],"wp:featuredmedia":[{"embeddable":true,"href":"https:\/\/diarioregionaldigital.com.br\/index.php?rest_route=\/wp\/v2\/media\/205966"}],"wp:attachment":[{"href":"https:\/\/diarioregionaldigital.com.br\/index.php?rest_route=%2Fwp%2Fv2%2Fmedia&parent=205965"}],"wp:term":[{"taxonomy":"category","embeddable":true,"href":"https:\/\/diarioregionaldigital.com.br\/index.php?rest_route=%2Fwp%2Fv2%2Fcategories&post=205965"},{"taxonomy":"post_tag","embeddable":true,"href":"https:\/\/diarioregionaldigital.com.br\/index.php?rest_route=%2Fwp%2Fv2%2Ftags&post=205965"}],"curies":[{"name":"wp","href":"https:\/\/api.w.org\/{rel}","templated":true}]}}