{"id":205962,"date":"2022-10-27T19:32:10","date_gmt":"2022-10-27T22:32:10","guid":{"rendered":"https:\/\/diarioregionaldigital.com.br\/?p=205962"},"modified":"2022-10-27T19:32:10","modified_gmt":"2022-10-27T22:32:10","slug":"ministro-do-stf-decreta-prisao-preventiva-de-roberto-jefferson","status":"publish","type":"post","link":"https:\/\/diarioregionaldigital.com.br\/?p=205962","title":{"rendered":"Ministro do STF decreta pris\u00e3o preventiva de Roberto Jefferson"},"content":{"rendered":"<p>O ministro Alexandre de Moraes, do Supremo Tribunal Federal (STF), decidiu hoje (27) decretar a pris\u00e3o preventiva (por tempo indeterminado) do ex-deputado federal Roberto Jefferson.<img decoding=\"async\" src=\"https:\/\/agenciabrasil.ebc.com.br\/ebc.png?id=1490556&amp;o=node\" \/><img decoding=\"async\" src=\"https:\/\/agenciabrasil.ebc.com.br\/ebc.gif?id=1490556&amp;o=node\" \/><\/p>\n<p>No domingo (27), Jefferson\u00a0<a href=\"https:\/\/agenciabrasil.ebc.com.br\/politica\/noticia\/2022-10\/ex-deputado-roberto-jefferson-esta-preso-em-benfica\" target=\"_blank\" rel=\"noopener\">foi preso em flagrante<\/a>\u00a0pela Pol\u00edcia Federal (PF) ap\u00f3s\u00a0<a href=\"https:\/\/agenciabrasil.ebc.com.br\/politica\/noticia\/2022-10\/roberto-jefferson-reage-prisao-e-estilhacos-atingem-policiais\" target=\"_blank\" rel=\"noopener\">oferecer resist\u00eancia<\/a>\u00a0ao cumprimento de mandado de pris\u00e3o decretado por Moraes. O motivo do mandado foi expedido depois que o ex-parlamentar publicou um v\u00eddeo na internet no qual ofendeu a ministra C\u00e1rmen L\u00facia com palavras de baixo cal\u00e3o.<\/p>\n<p>Antes de ser preso em sua casa, localizada no munic\u00edpio de Comendador Levy Gasparian (RJ), Jefferson deu tiros de fuzil e\u00a0<a href=\"https:\/\/agenciabrasil.ebc.com.br\/geral\/noticia\/2022-10\/roberto-jefferson-lancou-granada-contra-policiais-federais\" target=\"_blank\" rel=\"noopener\">lan\u00e7ou granadas<\/a>\u00a0contra os policiais que foram ao local. Em fun\u00e7\u00e3o do epis\u00f3dio, ele foi indiciado pela PF por\u00a0<a href=\"https:\/\/agenciabrasil.ebc.com.br\/geral\/noticia\/2022-10\/pf-indicia-roberto-jefferson-por-quatro-tentativas-de-homicidio\" target=\"_blank\" rel=\"noopener\">quatro tentativas de homic\u00eddio<\/a>.<\/p>\n<p>Para o ministro, a medida se justifica para garantia da ordem p\u00fablica e do andamento da investiga\u00e7\u00e3o. Jefferson\u00a0<a href=\"https:\/\/agenciabrasil.ebc.com.br\/geral\/noticia\/2022-10\/ex-deputado-roberto-jefferson-ja-esta-no-presidio-de-bangu-8\" target=\"_blank\" rel=\"noopener\">est\u00e1 no pres\u00eddio de Bangu 8<\/a>, no Rio de Janeiro.<\/p>\n<p>\u201cOs fatos, portanto, s\u00e3o grav\u00edssimos, pois h\u00e1 severos ind\u00edcios de que, em per\u00edodo em que cumpriu pris\u00e3o preventiva e pris\u00e3o domiciliar por ordem desta Suprema Corte, o preso ocultou as armas que possu\u00eda e, posteriormente, montou o arsenal b\u00e9lico amplamente descrito pela Pol\u00edcia Federal e reconhecido pelo pr\u00f3prio preso, a revelar o risco \u00e0 ordem p\u00fablica em caso de soltura\u201d, afirmou.<\/p>\n<p>Em peti\u00e7\u00e3o enviada ontem (26) ao STF, a defesa de Roberto Jefferson pediu autoriza\u00e7\u00e3o que para o ex-parlamentar possa receber a visita de sua esposa, que dever\u00e1 levar alimenta\u00e7\u00e3o especial. Segundo os advogados, Jefferson tem c\u00e2ncer no p\u00e2ncreas e n\u00e3o pode comer alimenta\u00e7\u00e3o comum.<\/p>\n<p><span style=\"font-weight: 400;\">Fonte: Ag\u00eancia Brasil <\/span><\/p>\n","protected":false},"excerpt":{"rendered":"<p>O ministro Alexandre de Moraes, do Supremo Tribunal Federal (STF), decidiu hoje (27) decretar a pris\u00e3o preventiva (por tempo indeterminado) do ex-deputado federal Roberto Jefferson. No domingo (27), Jefferson\u00a0foi preso em flagrante\u00a0pela Pol\u00edcia Federal (PF) ap\u00f3s\u00a0oferecer resist\u00eancia\u00a0ao cumprimento de mandado de pris\u00e3o decretado por Moraes. O motivo do mandado foi expedido depois que o ex-parlamentar [&hellip;]<\/p>\n","protected":false},"author":246,"featured_media":205963,"comment_status":"closed","ping_status":"closed","sticky":false,"template":"","format":"standard","meta":{"footnotes":""},"categories":[436,440,254,439],"tags":[],"class_list":["post-205962","post","type-post","status-publish","format-standard","has-post-thumbnail","hentry","category-destaque-da-semana","category-destaques-do-dia","category-politica","category-ultima-hora"],"_links":{"self":[{"href":"https:\/\/diarioregionaldigital.com.br\/index.php?rest_route=\/wp\/v2\/posts\/205962","targetHints":{"allow":["GET"]}}],"collection":[{"href":"https:\/\/diarioregionaldigital.com.br\/index.php?rest_route=\/wp\/v2\/posts"}],"about":[{"href":"https:\/\/diarioregionaldigital.com.br\/index.php?rest_route=\/wp\/v2\/types\/post"}],"author":[{"embeddable":true,"href":"https:\/\/diarioregionaldigital.com.br\/index.php?rest_route=\/wp\/v2\/users\/246"}],"replies":[{"embeddable":true,"href":"https:\/\/diarioregionaldigital.com.br\/index.php?rest_route=%2Fwp%2Fv2%2Fcomments&post=205962"}],"version-history":[{"count":1,"href":"https:\/\/diarioregionaldigital.com.br\/index.php?rest_route=\/wp\/v2\/posts\/205962\/revisions"}],"predecessor-version":[{"id":205964,"href":"https:\/\/diarioregionaldigital.com.br\/index.php?rest_route=\/wp\/v2\/posts\/205962\/revisions\/205964"}],"wp:featuredmedia":[{"embeddable":true,"href":"https:\/\/diarioregionaldigital.com.br\/index.php?rest_route=\/wp\/v2\/media\/205963"}],"wp:attachment":[{"href":"https:\/\/diarioregionaldigital.com.br\/index.php?rest_route=%2Fwp%2Fv2%2Fmedia&parent=205962"}],"wp:term":[{"taxonomy":"category","embeddable":true,"href":"https:\/\/diarioregionaldigital.com.br\/index.php?rest_route=%2Fwp%2Fv2%2Fcategories&post=205962"},{"taxonomy":"post_tag","embeddable":true,"href":"https:\/\/diarioregionaldigital.com.br\/index.php?rest_route=%2Fwp%2Fv2%2Ftags&post=205962"}],"curies":[{"name":"wp","href":"https:\/\/api.w.org\/{rel}","templated":true}]}}