{"id":205952,"date":"2022-10-27T19:22:08","date_gmt":"2022-10-27T22:22:08","guid":{"rendered":"https:\/\/diarioregionaldigital.com.br\/?p=205952"},"modified":"2022-10-27T19:22:08","modified_gmt":"2022-10-27T22:22:08","slug":"governo-central-tem-superavit-primario-de-r-1095-bilhoes-em-setembro","status":"publish","type":"post","link":"https:\/\/diarioregionaldigital.com.br\/?p=205952","title":{"rendered":"Governo Central tem super\u00e1vit prim\u00e1rio de R$ 10,95 bilh\u00f5es em setembro"},"content":{"rendered":"<p>O pagamento de dividendos da Petrobras e a arrecada\u00e7\u00e3o recorde fizeram as contas p\u00fablicas registrarem, em setembro, o segundo maior resultado positivo da s\u00e9rie hist\u00f3rica para o m\u00eas. No m\u00eas passado, o Governo Central &#8211; Tesouro Nacional, Previd\u00eancia Social e Banco Central &#8211; registrou super\u00e1vit prim\u00e1rio de R$ 10,954 bilh\u00f5es, divulgou hoje (27) o Tesouro Nacional.<img decoding=\"async\" src=\"https:\/\/agenciabrasil.ebc.com.br\/ebc.png?id=1490570&amp;o=node\" \/><img decoding=\"async\" src=\"https:\/\/agenciabrasil.ebc.com.br\/ebc.gif?id=1490570&amp;o=node\" \/><\/p>\n<p>Em valores nominais, esse \u00e9 o segundo maior super\u00e1vit para o m\u00eas desde o in\u00edcio da s\u00e9rie hist\u00f3rica, s\u00f3 perdendo para setembro de 2010. Ao descontar a infla\u00e7\u00e3o pelo \u00cdndice Nacional de Pre\u00e7os ao Consumidor Amplo (IPCA), o resultado foi o sexto melhor da s\u00e9rie hist\u00f3rica, em 1995.<\/p>\n<p>O resultado veio melhor que o esperado pelas institui\u00e7\u00f5es financeiras. Segundo a pesquisa Prisma Fiscal, divulgada todos os meses pelo Minist\u00e9rio da Economia, os analistas de mercado esperavam resultado negativo de R$ 847,6 milh\u00f5es em setembro.<\/p>\n<p>Com o resultado de setembro, o Governo Central fechou os 9 primeiros meses do ano com resultado positivo de R$ 33,775 bilh\u00f5es. Ao corrigir os valores pela infla\u00e7\u00e3o, esse \u00e9 o melhor resultado para o per\u00edodo desde janeiro a setembro de 2013.<\/p>\n<p>O resultado prim\u00e1rio representa a diferen\u00e7a entre as receitas e os gastos, desconsiderando o pagamento dos juros da d\u00edvida p\u00fablica. Apesar da possibilidade de d\u00e9ficit nos pr\u00f3ximos meses, a equipe econ\u00f4mica estima que o Governo Central fechar\u00e1 o ano com super\u00e1vit prim\u00e1rio de R$ 13,548 bilh\u00f5es, o\u00a0<a href=\"https:\/\/agenciabrasil.ebc.com.br\/economia\/noticia\/2022-09\/governo-devera-fechar-o-ano-com-primeiro-superavit-primario-desde-2013\" target=\"_blank\" rel=\"noopener\">primeiro resultado positivo anual desde 2013<\/a>.<\/p>\n<p>Segundo o Tesouro Nacional, o super\u00e1vit poderia chegar a R$ 37,45 bilh\u00f5es em 2022 n\u00e3o fosse o\u00a0<a href=\"https:\/\/agenciabrasil.ebc.com.br\/geral\/noticia\/2022-03\/prefeito-de-sp-e-presidente-fazem-acordo-sobre-o-campo-de-marte\" target=\"_blank\" rel=\"noopener\">acordo sobre o controle do Aeroporto Campo de Marte<\/a>, na capital paulista. Por meio do acordo, a Uni\u00e3o pagou R$ 23,9 bilh\u00f5es \u00e0 Prefeitura de S\u00e3o Paulo em troca da extin\u00e7\u00e3o do processo judicial que questionava o controle do Aeroporto Campo de Marte, na capital paulista.<\/p>\n<p>A previs\u00e3o de super\u00e1vit ocorre mesmo com a emenda constitucional que aumentar\u00e1 gastos sociais em R$ 41,25 bilh\u00f5es no segundo semestre e com as desonera\u00e7\u00f5es de R$ 71,56 bilh\u00f5es que entraram em vigor em 2022. A estimativa foi divulgada na \u00faltima edi\u00e7\u00e3o do Relat\u00f3rio Bimestral de Avalia\u00e7\u00e3o de Receitas e Despesas.<\/p>\n<h2>Receitas<\/h2>\n<p>As receitas continuam crescendo em ritmo maior do que as despesas. No \u00faltimo m\u00eas, as receitas l\u00edquidas cresceram 14% em rela\u00e7\u00e3o a setembro do ano passado em valores nominais. Descontada a infla\u00e7\u00e3o pelo \u00cdndice Nacional de Pre\u00e7os ao Consumidor Amplo (IPCA), o crescimento atingiu 6,4%. No mesmo per\u00edodo, as despesas totais subiram 6% em valores nominais, mas ca\u00edram 1,1% ap\u00f3s descontar a infla\u00e7\u00e3o.<\/p>\n<p>Em rela\u00e7\u00e3o ao pagamento de impostos, houve crescimento de R$ 2,9 bilh\u00f5es acima da infla\u00e7\u00e3o no Imposto de Renda, motivado principalmente pelo aumento do lucro das empresas. Em grande parte, essa alta reflete o aumento do lucro das empresas e energia e de petr\u00f3leo no in\u00edcio do ano, o que ajuda a compensar parcialmente as desonera\u00e7\u00f5es para a ind\u00fastria e para os combust\u00edveis.<\/p>\n<p>A alta do petr\u00f3leo no mercado internacional tamb\u00e9m contribuiu para o pagamento recorde de dividendos da Petrobras, que somaram R$ 12,6 bilh\u00f5es em setembro. Os dividendos s\u00e3o a parcela do lucro que a empresa paga aos acionistas. No caso das estatais, o Tesouro Nacional recebe a maior parte dos dividendos, por ser o principal controlador.<\/p>\n<p>Com o encarecimento do petr\u00f3leo no mercado internacional, as receitas com royalties cresceram R$ 1,653 bilh\u00e3o (31,5%) acima da infla\u00e7\u00e3o no m\u00eas passado na compara\u00e7\u00e3o com setembro de 2021. Atualmente, a cota\u00e7\u00e3o do barril internacional est\u00e1 em torno de US$ 90 por causa da guerra entre R\u00fassia e Ucr\u00e2nia.<\/p>\n<h2>Despesas<\/h2>\n<p>Do lado das despesas, houve queda de R$ 7,9 bilh\u00f5es com cr\u00e9ditos extraordin\u00e1rios e de R$ 2,3 bilh\u00f5es nos gastos com sa\u00fade, principalmente as despesas associadas ao combate \u00e0 pandemia da covid-19. No entanto, esse recuo foi compensado pelo aumento de outros gastos.<\/p>\n<p>Subiram os gastos com programas sociais ap\u00f3s a emenda constitucional que aumentou o valor do Aux\u00edlio Brasil e criou os Aux\u00edlios Taxista e Caminhoneiro. Apenas com o Aux\u00edlio Brasil, o impacto do reajuste do valor m\u00ednimo do benef\u00edcio para R$ 600 correspondeu a R$ 5 bilh\u00f5es em setembro.<\/p>\n<p>No acumulado do ano, o aumento nas despesas discricion\u00e1rias (n\u00e3o obrigat\u00f3rias) com controle de fluxo chega a R$ 48,487 bilh\u00f5es (43%) acima do IPCA. Essa categoria abrange os programas sociais, como o Aux\u00edlio Brasil.<\/p>\n<p>Em contrapartida, os gastos com o funcionalismo federal ca\u00edram 7,3% no acumulado do ano descontada a infla\u00e7\u00e3o. A queda reflete o congelamento de sal\u00e1rios dos servidores p\u00fablicos que vigorou entre julho de 2020 e dezembro de 2021 e a falta de reajustes em 2022.<\/p>\n<p>Em rela\u00e7\u00e3o aos investimentos (obras p\u00fablicas e compra de equipamentos), o governo federal investiu R$ 29,453 bilh\u00f5es nos 9 primeiros meses do ano. O valor representa queda de 15,4% descontado o IPCA em rela\u00e7\u00e3o ao mesmo per\u00edodo de 2021.<\/p>\n<p><span style=\"font-weight: 400;\">Fonte: Ag\u00eancia Brasil <\/span><\/p>\n","protected":false},"excerpt":{"rendered":"<p>O pagamento de dividendos da Petrobras e a arrecada\u00e7\u00e3o recorde fizeram as contas p\u00fablicas registrarem, em setembro, o segundo maior resultado positivo da s\u00e9rie hist\u00f3rica para o m\u00eas. No m\u00eas passado, o Governo Central &#8211; Tesouro Nacional, Previd\u00eancia Social e Banco Central &#8211; registrou super\u00e1vit prim\u00e1rio de R$ 10,954 bilh\u00f5es, divulgou hoje (27) o Tesouro [&hellip;]<\/p>\n","protected":false},"author":246,"featured_media":205953,"comment_status":"closed","ping_status":"closed","sticky":false,"template":"","format":"standard","meta":{"footnotes":""},"categories":[436,261,439],"tags":[],"class_list":["post-205952","post","type-post","status-publish","format-standard","has-post-thumbnail","hentry","category-destaque-da-semana","category-economia","category-ultima-hora"],"_links":{"self":[{"href":"https:\/\/diarioregionaldigital.com.br\/index.php?rest_route=\/wp\/v2\/posts\/205952","targetHints":{"allow":["GET"]}}],"collection":[{"href":"https:\/\/diarioregionaldigital.com.br\/index.php?rest_route=\/wp\/v2\/posts"}],"about":[{"href":"https:\/\/diarioregionaldigital.com.br\/index.php?rest_route=\/wp\/v2\/types\/post"}],"author":[{"embeddable":true,"href":"https:\/\/diarioregionaldigital.com.br\/index.php?rest_route=\/wp\/v2\/users\/246"}],"replies":[{"embeddable":true,"href":"https:\/\/diarioregionaldigital.com.br\/index.php?rest_route=%2Fwp%2Fv2%2Fcomments&post=205952"}],"version-history":[{"count":1,"href":"https:\/\/diarioregionaldigital.com.br\/index.php?rest_route=\/wp\/v2\/posts\/205952\/revisions"}],"predecessor-version":[{"id":205954,"href":"https:\/\/diarioregionaldigital.com.br\/index.php?rest_route=\/wp\/v2\/posts\/205952\/revisions\/205954"}],"wp:featuredmedia":[{"embeddable":true,"href":"https:\/\/diarioregionaldigital.com.br\/index.php?rest_route=\/wp\/v2\/media\/205953"}],"wp:attachment":[{"href":"https:\/\/diarioregionaldigital.com.br\/index.php?rest_route=%2Fwp%2Fv2%2Fmedia&parent=205952"}],"wp:term":[{"taxonomy":"category","embeddable":true,"href":"https:\/\/diarioregionaldigital.com.br\/index.php?rest_route=%2Fwp%2Fv2%2Fcategories&post=205952"},{"taxonomy":"post_tag","embeddable":true,"href":"https:\/\/diarioregionaldigital.com.br\/index.php?rest_route=%2Fwp%2Fv2%2Ftags&post=205952"}],"curies":[{"name":"wp","href":"https:\/\/api.w.org\/{rel}","templated":true}]}}