{"id":205949,"date":"2022-10-27T19:20:30","date_gmt":"2022-10-27T22:20:30","guid":{"rendered":"https:\/\/diarioregionaldigital.com.br\/?p=205949"},"modified":"2022-10-27T19:20:30","modified_gmt":"2022-10-27T22:20:30","slug":"divida-bruta-caira-para-762-do-pib-apos-acordo-com-bndes","status":"publish","type":"post","link":"https:\/\/diarioregionaldigital.com.br\/?p=205949","title":{"rendered":"D\u00edvida bruta cair\u00e1 para 76,2% do PIB ap\u00f3s acordo com BNDES"},"content":{"rendered":"<p>A devolu\u00e7\u00e3o de R$ 45 bilh\u00f5es do Banco Nacional de Desenvolvimento Econ\u00f4mico e Social (BNDES) ao Tesouro Nacional e o aumento da arrecada\u00e7\u00e3o dever\u00e3o fazer o endividamento do governo fechar o ano em queda, disse hoje (27) o secret\u00e1rio do Tesouro Nacional, Paulo Valle. Segundo ele, a D\u00edvida P\u00fablica Bruta do Governo Geral (DBGG) dever\u00e1 encerrar 2022 em 76,2% do Produto Interno Bruto (PIB, soma dos bens e dos servi\u00e7os produzidos no pa\u00eds), contra 80,3% em 2021.<img decoding=\"async\" src=\"https:\/\/agenciabrasil.ebc.com.br\/ebc.png?id=1490625&amp;o=node\" \/><img decoding=\"async\" src=\"https:\/\/agenciabrasil.ebc.com.br\/ebc.gif?id=1490625&amp;o=node\" \/><\/p>\n<p>Segundo o secret\u00e1rio, o indicador praticamente chegou ao n\u00edvel pr\u00e9-pandemia. \u201cVemos uma redu\u00e7\u00e3o de 4,1 pontos percentuais de 2021 para 2022. Comparando com o n\u00edvel da d\u00edvida de 2019, \u00e9 um aumento de 1,8 ponto percentual\u201d, disse Valle.<\/p>\n<p>Por causa dos gastos extras com o enfrentamento \u00e0 pandemia da covid-19, principalmente o aux\u00edlio emergencial e o pacote de socorro a estados e munic\u00edpios, a DBGG saiu de 75,4% em 2019 para 88,6% em 2020.<\/p>\n<p>Na ter\u00e7a-feira (25), o BNDES anunciou a devolu\u00e7\u00e3o de R$ 69,078 bilh\u00f5es de t\u00edtulos p\u00fablicos e de instrumentos financeiros do Tesouro Nacional que ainda est\u00e3o em sua carteira. Desse total, R$ 45 bilh\u00f5es ser\u00e3o\u00a0<a href=\"https:\/\/agenciabrasil.ebc.com.br\/economia\/noticia\/2022-10\/bndes-devolvera-r-45-bilhoes-ao-tesouro-ainda-este-ano\" target=\"_blank\" rel=\"noopener\">ressarcidos ao Tesouro at\u00e9 30 de novembro<\/a>. O restante ser\u00e1 devolvido at\u00e9 a mesma data, em 2023.<\/p>\n<p>A devolu\u00e7\u00e3o dos recursos do Tesouro em poder do BNDES faz parte de um acordo fechado com o Tribunal de Contas da Uni\u00e3o (TCU) em janeiro de 2021. Em dezembro do ano passado, o cronograma de ressarcimentos foi revisado e previu o ressarcimento at\u00e9 o fim de 2023.<\/p>\n<h2>Arrecada\u00e7\u00e3o<\/h2>\n<p>Al\u00e9m do ac\u00f3rd\u00e3o com o TCU, o secret\u00e1rio do Tesouro disse que o recorde de arrecada\u00e7\u00e3o registrado neste ano far\u00e1 a d\u00edvida p\u00fablica bruta cair. Sem detalhar n\u00fameros, Paulo Valle adiantou que dados preliminares mostram que a arrecada\u00e7\u00e3o vir\u00e1 maior que o previsto em outubro. Ele manteve a previs\u00e3o, apresentada no m\u00eas passado, de que o Governo Central \u2013 Tesouro Nacional, Previd\u00eancia Social e Banco Central \u2013 dever\u00e1\u00a0<a href=\"https:\/\/agenciabrasil.ebc.com.br\/economia\/noticia\/2022-09\/superavit-primario-podera-fechar-o-ano-acima-do-previsto-diz-tesouro\" target=\"_blank\" rel=\"noopener\">encerrar 2022 com super\u00e1vit prim\u00e1rio em torno de R$ 40 bilh\u00f5es<\/a>.<\/p>\n<p>Nesta semana, a\u00a0<a href=\"https:\/\/agenciabrasil.ebc.com.br\/economia\/noticia\/2022-10\/arrecadacao-federal-e-de-r-16628-bilhoes-em-setembro\" target=\"_blank\" rel=\"noopener\">Receita Federal divulgou que a arrecada\u00e7\u00e3o de setembro<\/a>\u00a0atingiu o melhor resultado para o m\u00eas desde 2000. Segundo Valle, o ano est\u00e1 sendo influenciado por receitas at\u00edpicas, decorrentes do aumento de lucro de empresas de combust\u00edvel ap\u00f3s o in\u00edcio da guerra entre R\u00fassia e Ucr\u00e2nia.<\/p>\n<h2>Or\u00e7amento<\/h2>\n<p>O secret\u00e1rio do Tesouro disse que o Or\u00e7amento de 2023 ter\u00e1 que ser rediscutido com base nas prioridades apontadas pelo presidente eleito. Isso porque o projeto de lei enviado ao Congresso no fim de agosto n\u00e3o incorpora espa\u00e7o para promessas recentes dos candidatos. \u201cAgora p\u00f3s-elei\u00e7\u00e3o, acho que [o or\u00e7amento] vai ter que ser discutido com o presidente eleito conforme as prioridades\u201d, disse.<\/p>\n<p>Segundo o secret\u00e1rio do Tesouro, a proposta foi elaborada \u201ccom base no arcabou\u00e7o\u201d atual. O texto n\u00e3o inclui reajuste real para o sal\u00e1rio m\u00ednimo, as aposentadorias e ao funcionalismo p\u00fablico nem a manuten\u00e7\u00e3o definitiva do valor m\u00ednimo de R$ 600 para o Aux\u00edlio Brasil, que voltar\u00e1 a R$ 400 em dezembro, a menos que o Congresso aprove uma proposta de emenda \u00e0 Constitui\u00e7\u00e3o.<\/p>\n<p><span style=\"font-weight: 400;\">Fonte: Ag\u00eancia Brasil <\/span><\/p>\n","protected":false},"excerpt":{"rendered":"<p>A devolu\u00e7\u00e3o de R$ 45 bilh\u00f5es do Banco Nacional de Desenvolvimento Econ\u00f4mico e Social (BNDES) ao Tesouro Nacional e o aumento da arrecada\u00e7\u00e3o dever\u00e3o fazer o endividamento do governo fechar o ano em queda, disse hoje (27) o secret\u00e1rio do Tesouro Nacional, Paulo Valle. Segundo ele, a D\u00edvida P\u00fablica Bruta do Governo Geral (DBGG) dever\u00e1 [&hellip;]<\/p>\n","protected":false},"author":246,"featured_media":205950,"comment_status":"closed","ping_status":"closed","sticky":false,"template":"","format":"standard","meta":{"footnotes":""},"categories":[436,440,261,439],"tags":[],"class_list":["post-205949","post","type-post","status-publish","format-standard","has-post-thumbnail","hentry","category-destaque-da-semana","category-destaques-do-dia","category-economia","category-ultima-hora"],"_links":{"self":[{"href":"https:\/\/diarioregionaldigital.com.br\/index.php?rest_route=\/wp\/v2\/posts\/205949","targetHints":{"allow":["GET"]}}],"collection":[{"href":"https:\/\/diarioregionaldigital.com.br\/index.php?rest_route=\/wp\/v2\/posts"}],"about":[{"href":"https:\/\/diarioregionaldigital.com.br\/index.php?rest_route=\/wp\/v2\/types\/post"}],"author":[{"embeddable":true,"href":"https:\/\/diarioregionaldigital.com.br\/index.php?rest_route=\/wp\/v2\/users\/246"}],"replies":[{"embeddable":true,"href":"https:\/\/diarioregionaldigital.com.br\/index.php?rest_route=%2Fwp%2Fv2%2Fcomments&post=205949"}],"version-history":[{"count":1,"href":"https:\/\/diarioregionaldigital.com.br\/index.php?rest_route=\/wp\/v2\/posts\/205949\/revisions"}],"predecessor-version":[{"id":205951,"href":"https:\/\/diarioregionaldigital.com.br\/index.php?rest_route=\/wp\/v2\/posts\/205949\/revisions\/205951"}],"wp:featuredmedia":[{"embeddable":true,"href":"https:\/\/diarioregionaldigital.com.br\/index.php?rest_route=\/wp\/v2\/media\/205950"}],"wp:attachment":[{"href":"https:\/\/diarioregionaldigital.com.br\/index.php?rest_route=%2Fwp%2Fv2%2Fmedia&parent=205949"}],"wp:term":[{"taxonomy":"category","embeddable":true,"href":"https:\/\/diarioregionaldigital.com.br\/index.php?rest_route=%2Fwp%2Fv2%2Fcategories&post=205949"},{"taxonomy":"post_tag","embeddable":true,"href":"https:\/\/diarioregionaldigital.com.br\/index.php?rest_route=%2Fwp%2Fv2%2Ftags&post=205949"}],"curies":[{"name":"wp","href":"https:\/\/api.w.org\/{rel}","templated":true}]}}