{"id":205941,"date":"2022-10-26T17:59:33","date_gmt":"2022-10-26T20:59:33","guid":{"rendered":"https:\/\/diarioregionaldigital.com.br\/?p=205941"},"modified":"2022-10-26T18:00:36","modified_gmt":"2022-10-26T21:00:36","slug":"despoluicao-do-rio-paraibuna-pjf-avanca-com-obras-complementares-do-coletor-de-esgoto-do-corrego-marilandia","status":"publish","type":"post","link":"https:\/\/diarioregionaldigital.com.br\/?p=205941","title":{"rendered":"Despolui\u00e7\u00e3o do Rio Paraibuna &#8211; PJF avan\u00e7a com obras complementares do coletor de esgoto do C\u00f3rrego Maril\u00e2ndia"},"content":{"rendered":"<p>Segundo informa\u00e7\u00f5es do site da Prefeitura de Juiz de Fora (PJF), em setembro, a<strong>\u00a0<\/strong>Prefeitura de Juiz de Fora (PJF) concluiu uma etapa importante do projeto de despolui\u00e7\u00e3o do Rio Paraibuna: a implanta\u00e7\u00e3o dos 800 metros do coletor de esgoto nas margens do C\u00f3rrego Maril\u00e2ndia. Agora, a PJF avan\u00e7a com as obras complementares nas vias pr\u00f3ximas ao curso d\u00b4\u00e1gua, que ir\u00e3o receber um total de 700 metros de redes de PVC.<\/p>\n<p>Atualmente, a interven\u00e7\u00e3o est\u00e1 focada na Rua Ot\u00edlia de Souza Leal, esquina com a Rua das Calced\u00f4nias, no bairro Maril\u00e2ndia. Para a execu\u00e7\u00e3o dos trabalhos, o tr\u00e2nsito na rua est\u00e1 operando no esquema \u201cpare e siga\u201d, de segunda a sexta-feira, das 8h \u00e0s 17h.<\/p>\n<p>Segundo o diretor de desenvolvimento e expans\u00e3o da Companhia de Saneamento Municipal (Cesama), Marcelo Mello do Amaral, a previs\u00e3o \u00e9 de que os servi\u00e7os sejam finalizados at\u00e9 o final do ano. \u201cAp\u00f3s a obra, ser\u00e1 poss\u00edvel encaminhar o material que antes era despejado no C\u00f3rrego Maril\u00e2ndia para a Esta\u00e7\u00e3o de Tratamento de Esgoto (ETE) Uni\u00e3o-Ind\u00fastria, no bairro Granjas Bethel. Quem ganha com isso s\u00e3o os moradores da comunidade, que ter\u00e3o benef\u00edcios como a redu\u00e7\u00e3o de doen\u00e7as e o aumento da expectativa de vida\u201d.<\/p>\n<p>O curso d&#8217;\u00e1gua \u00e9 afluente do C\u00f3rrego S\u00e3o Pedro, um dos mais extensos do munic\u00edpio, que abrange a Cidade Alta, al\u00e9m de comunidades como Vale do Ip\u00ea e Borboleta. Ao longo dos pr\u00f3ximos anos, o C\u00f3rrego S\u00e3o Pedro receber\u00e1 12 mil metros de redes coletoras, dos quais 5.200 j\u00e1 foram implantados.<\/p>\n<p><strong>Projeto de despolui\u00e7\u00e3o<br \/>\n<\/strong><br \/>\nOr\u00e7ado em mais de R$ 130 milh\u00f5es, o conjunto de obras de despolui\u00e7\u00e3o do Rio Paraibuna abrange a implanta\u00e7\u00e3o de 40 mil metros de redes nas margens do rio e interven\u00e7\u00f5es nos c\u00f3rregos Tapera, Matirumbide, Yung e S\u00e3o Pedro. O projeto prev\u00ea tamb\u00e9m a implanta\u00e7\u00e3o de cinco esta\u00e7\u00f5es elevat\u00f3rias de esgoto, das quais duas j\u00e1 est\u00e3o em atividade. Al\u00e9m da ETE Uni\u00e3o-Ind\u00fastria, em opera\u00e7\u00e3o desde junho de 2020, a iniciativa inclui ainda a amplia\u00e7\u00e3o da ETE Barbosa Lage e a constru\u00e7\u00e3o de uma nova ETE no bairro Santa Luzia.<\/p>\n","protected":false},"excerpt":{"rendered":"<p>Segundo informa\u00e7\u00f5es do site da Prefeitura de Juiz de Fora (PJF), em setembro, a\u00a0Prefeitura de Juiz de Fora (PJF) concluiu uma etapa importante do projeto de despolui\u00e7\u00e3o do Rio Paraibuna: a implanta\u00e7\u00e3o dos 800 metros do coletor de esgoto nas margens do C\u00f3rrego Maril\u00e2ndia. Agora, a PJF avan\u00e7a com as obras complementares nas vias pr\u00f3ximas [&hellip;]<\/p>\n","protected":false},"author":246,"featured_media":205942,"comment_status":"closed","ping_status":"closed","sticky":false,"template":"","format":"standard","meta":{"footnotes":""},"categories":[253,436,439],"tags":[],"class_list":["post-205941","post","type-post","status-publish","format-standard","has-post-thumbnail","hentry","category-cidade","category-destaque-da-semana","category-ultima-hora"],"_links":{"self":[{"href":"https:\/\/diarioregionaldigital.com.br\/index.php?rest_route=\/wp\/v2\/posts\/205941","targetHints":{"allow":["GET"]}}],"collection":[{"href":"https:\/\/diarioregionaldigital.com.br\/index.php?rest_route=\/wp\/v2\/posts"}],"about":[{"href":"https:\/\/diarioregionaldigital.com.br\/index.php?rest_route=\/wp\/v2\/types\/post"}],"author":[{"embeddable":true,"href":"https:\/\/diarioregionaldigital.com.br\/index.php?rest_route=\/wp\/v2\/users\/246"}],"replies":[{"embeddable":true,"href":"https:\/\/diarioregionaldigital.com.br\/index.php?rest_route=%2Fwp%2Fv2%2Fcomments&post=205941"}],"version-history":[{"count":2,"href":"https:\/\/diarioregionaldigital.com.br\/index.php?rest_route=\/wp\/v2\/posts\/205941\/revisions"}],"predecessor-version":[{"id":205944,"href":"https:\/\/diarioregionaldigital.com.br\/index.php?rest_route=\/wp\/v2\/posts\/205941\/revisions\/205944"}],"wp:featuredmedia":[{"embeddable":true,"href":"https:\/\/diarioregionaldigital.com.br\/index.php?rest_route=\/wp\/v2\/media\/205942"}],"wp:attachment":[{"href":"https:\/\/diarioregionaldigital.com.br\/index.php?rest_route=%2Fwp%2Fv2%2Fmedia&parent=205941"}],"wp:term":[{"taxonomy":"category","embeddable":true,"href":"https:\/\/diarioregionaldigital.com.br\/index.php?rest_route=%2Fwp%2Fv2%2Fcategories&post=205941"},{"taxonomy":"post_tag","embeddable":true,"href":"https:\/\/diarioregionaldigital.com.br\/index.php?rest_route=%2Fwp%2Fv2%2Ftags&post=205941"}],"curies":[{"name":"wp","href":"https:\/\/api.w.org\/{rel}","templated":true}]}}