{"id":205938,"date":"2022-10-26T17:57:49","date_gmt":"2022-10-26T20:57:49","guid":{"rendered":"https:\/\/diarioregionaldigital.com.br\/?p=205938"},"modified":"2022-10-26T17:58:20","modified_gmt":"2022-10-26T20:58:20","slug":"pjf-publica-resultado-do-chamamento-publico-para-atender-familias-de-baixa-renda-com-projetos-arquitetonicos","status":"publish","type":"post","link":"https:\/\/diarioregionaldigital.com.br\/?p=205938","title":{"rendered":"PJF publica resultado do chamamento p\u00fablico para atender fam\u00edlias de baixa renda com projetos arquitet\u00f4nicos"},"content":{"rendered":"<p>Segundo informa\u00e7\u00f5es do site da Prefeitura de Juiz de Fora (PJF), o\u00a0resultado final do Chamamento P\u00fablico realizado pela Secretaria de Planejamento Urbano (Sepur),\u00a0 por meio do Departamento de Habita\u00e7\u00e3o (SSUhab), para a sele\u00e7\u00e3o de fam\u00edlias que participar\u00e3o do Projeto Piloto de Assist\u00eancia T\u00e9cnica para Habita\u00e7\u00e3o de Interesse Social (Athis), foi publicado no Di\u00e1rio Oficial do Munic\u00edpio, no dia 22 de outubro.<\/p>\n<p>Para participar, os\u00a0 interessados atenderam\u00a0 aos crit\u00e9rios da<a href=\"https:\/\/leismunicipais.com.br\/a1\/mg\/j\/juiz-de-fora\/lei-ordinaria\/2021\/1427\/14272\/lei-ordinaria-n-14272-2021-institui-a-assistencia-tecnica-publica-para-habitacao-de-interesse-social-voltada-a-populacao-de-baixa-renda-e-da-outras-providencias\">\u00a0<strong>lei municipal n\u00ba 14.272\/21<\/strong><\/a>\u00a0e do<a href=\"https:\/\/leismunicipais.com.br\/a1\/mg\/j\/juiz-de-fora\/decreto\/2022\/1499\/14986\/decreto-n-14986-2022-regulamenta-a-lei-de-n-14272-de-04-de-novembro-de-2021-e-institui-o-escritorio-publico-de-assistencia-tecnica-para-habitacao-de-interesse-social-voltada-a-populacao-de-baixa-renda?r=p\">\u00a0<strong>decreto n\u00ba 14.986\/22<\/strong>.<\/a>\u00a0O Escrit\u00f3rio P\u00fablico, cujas a\u00e7\u00f5es ser\u00e3o executadas pela\u00a0 Companhia Municipal de Habita\u00e7\u00e3o e Inclus\u00e3o Produtiva (Emcasa),\u00a0 prev\u00ea a entrega de projetos arquitet\u00f4nicos e complementares, acompanhados de or\u00e7amento de obra, incluindo a sua aprova\u00e7\u00e3o no \u00f3rg\u00e3o respons\u00e1vel da Prefeitura, quando for o caso.<\/p>\n<p>O Chamamento P\u00fablico foi uma das tr\u00eas formas de sele\u00e7\u00e3o dos benefici\u00e1rios cujo objetivo foi possibilitar a inscri\u00e7\u00e3o de moradores de toda a zona urbana do munic\u00edpio. Durante o processo de sele\u00e7\u00e3o, foi feito o cadastramento socioecon\u00f4mico das fam\u00edlias de modo a verificar o seu atendimento aos crit\u00e9rios m\u00ednimos e atribu\u00edda pontua\u00e7\u00e3o a partir dos crit\u00e9rios de prioridade. A equipe de t\u00e9cnicos da Emcasa visitar\u00e1 cada fam\u00edlia selecionada para atendimento da demanda, executando o cadastro f\u00edsico e todas as an\u00e1lises t\u00e9cnicas do im\u00f3vel.<br \/>\nO resultado pode ser acessado atrav\u00e9s do\u00a0<a href=\"https:\/\/www.pjf.mg.gov.br\/e_atos\/e_atos_vis.php?id=100058\"><strong>link<\/strong><\/a>.<\/p>\n","protected":false},"excerpt":{"rendered":"<p>Segundo informa\u00e7\u00f5es do site da Prefeitura de Juiz de Fora (PJF), o\u00a0resultado final do Chamamento P\u00fablico realizado pela Secretaria de Planejamento Urbano (Sepur),\u00a0 por meio do Departamento de Habita\u00e7\u00e3o (SSUhab), para a sele\u00e7\u00e3o de fam\u00edlias que participar\u00e3o do Projeto Piloto de Assist\u00eancia T\u00e9cnica para Habita\u00e7\u00e3o de Interesse Social (Athis), foi publicado no Di\u00e1rio Oficial do [&hellip;]<\/p>\n","protected":false},"author":246,"featured_media":205939,"comment_status":"closed","ping_status":"closed","sticky":false,"template":"","format":"standard","meta":{"footnotes":""},"categories":[253,436,439],"tags":[],"class_list":["post-205938","post","type-post","status-publish","format-standard","has-post-thumbnail","hentry","category-cidade","category-destaque-da-semana","category-ultima-hora"],"_links":{"self":[{"href":"https:\/\/diarioregionaldigital.com.br\/index.php?rest_route=\/wp\/v2\/posts\/205938","targetHints":{"allow":["GET"]}}],"collection":[{"href":"https:\/\/diarioregionaldigital.com.br\/index.php?rest_route=\/wp\/v2\/posts"}],"about":[{"href":"https:\/\/diarioregionaldigital.com.br\/index.php?rest_route=\/wp\/v2\/types\/post"}],"author":[{"embeddable":true,"href":"https:\/\/diarioregionaldigital.com.br\/index.php?rest_route=\/wp\/v2\/users\/246"}],"replies":[{"embeddable":true,"href":"https:\/\/diarioregionaldigital.com.br\/index.php?rest_route=%2Fwp%2Fv2%2Fcomments&post=205938"}],"version-history":[{"count":1,"href":"https:\/\/diarioregionaldigital.com.br\/index.php?rest_route=\/wp\/v2\/posts\/205938\/revisions"}],"predecessor-version":[{"id":205940,"href":"https:\/\/diarioregionaldigital.com.br\/index.php?rest_route=\/wp\/v2\/posts\/205938\/revisions\/205940"}],"wp:featuredmedia":[{"embeddable":true,"href":"https:\/\/diarioregionaldigital.com.br\/index.php?rest_route=\/wp\/v2\/media\/205939"}],"wp:attachment":[{"href":"https:\/\/diarioregionaldigital.com.br\/index.php?rest_route=%2Fwp%2Fv2%2Fmedia&parent=205938"}],"wp:term":[{"taxonomy":"category","embeddable":true,"href":"https:\/\/diarioregionaldigital.com.br\/index.php?rest_route=%2Fwp%2Fv2%2Fcategories&post=205938"},{"taxonomy":"post_tag","embeddable":true,"href":"https:\/\/diarioregionaldigital.com.br\/index.php?rest_route=%2Fwp%2Fv2%2Ftags&post=205938"}],"curies":[{"name":"wp","href":"https:\/\/api.w.org\/{rel}","templated":true}]}}