{"id":205932,"date":"2022-10-26T17:46:20","date_gmt":"2022-10-26T20:46:20","guid":{"rendered":"https:\/\/diarioregionaldigital.com.br\/?p=205932"},"modified":"2022-10-26T17:46:20","modified_gmt":"2022-10-26T20:46:20","slug":"espaco-emprego-jf-da-pjf-garante-empregos-para-juiz-foranos","status":"publish","type":"post","link":"https:\/\/diarioregionaldigital.com.br\/?p=205932","title":{"rendered":"\u201cEspa\u00e7o Emprego JF\u201d da PJF garante empregos para juiz-foranos"},"content":{"rendered":"<p>Segundo informa\u00e7\u00f5es do site da Prefeitura de Juiz de Fora (PJF), em busca de reinser\u00e7\u00e3o no mercado de trabalho, Felipe Costa saiu contratado da primeira edi\u00e7\u00e3o do projeto \u201cEspa\u00e7o Emprego JF\u201d, da Secretaria de Desenvolvimento Sustent\u00e1vel e Inclusivo, da Inova\u00e7\u00e3o e Competitividade (Sedic). Com experi\u00eancia em estoque em um supermercado da cidade, o jovem de 23 anos iniciar\u00e1 as atividades ainda esta semana na empresa \u201cTubar\u00e3o Atacad\u00e3o\u201d, que ser\u00e1 inaugurada em Juiz de Fora entre o fim de novembro e in\u00edcio de dezembro. \u201cEstava desempregado, procurando emprego h\u00e1 cerca de seis meses. Estou feliz com a oportunidade\u201d, conta.<\/p>\n<p>Mois\u00e9s Luiz decidiu mudar de emprego e tamb\u00e9m garantiu a sua vaga para o cargo de operador de loja. \u201cValeu a pena participar\u201d, comemora.<\/p>\n<p>Centenas de pessoas se reuniram nesta quarta-feira, 26, no Espa\u00e7o Cidade, em busca de uma oportunidade. Ao todo, 110 vagas est\u00e3o sendo ofertadas pela empresa, incluindo cargos gerenciais e operacionais. A a\u00e7\u00e3o segue at\u00e9 \u00e0s 16h. A sele\u00e7\u00e3o da empresa para a edi\u00e7\u00e3o piloto do projeto foi realizada por meio de chamada p\u00fablica.<\/p>\n<p>\u201cParte das a\u00e7\u00f5es do programa \u2018Gera\u00e7\u00e3o JF \u2013 Emprego, Renda e Neg\u00f3cios\u2019, o projeto \u2018Espa\u00e7o Emprego JF\u2019 pretende oferecer \u00e0s empresas locais a oportunidade de utilizar o Espa\u00e7o Cidade,\u00a0ou outro espa\u00e7o p\u00fablico indicado pela Prefeitura de Juiz de Fora, de acordo com a necessidade, para oferta de postos de trabalho e recebimento de curr\u00edculos.\u00a0O objetivo do projeto de intermedia\u00e7\u00e3o de m\u00e3o de obra para o mercado de trabalho \u00e9 promover a inser\u00e7\u00e3o de trabalhadores em vagas permanentes, tempor\u00e1rias, de aprendizes ou de est\u00e1gios, al\u00e9m de apoiar empregadores que necessitam contratar trabalhadores\u201d, explica o secret\u00e1rio de Desenvolvimento, Ignacio Delgado.<\/p>\n","protected":false},"excerpt":{"rendered":"<p>Segundo informa\u00e7\u00f5es do site da Prefeitura de Juiz de Fora (PJF), em busca de reinser\u00e7\u00e3o no mercado de trabalho, Felipe Costa saiu contratado da primeira edi\u00e7\u00e3o do projeto \u201cEspa\u00e7o Emprego JF\u201d, da Secretaria de Desenvolvimento Sustent\u00e1vel e Inclusivo, da Inova\u00e7\u00e3o e Competitividade (Sedic). Com experi\u00eancia em estoque em um supermercado da cidade, o jovem de [&hellip;]<\/p>\n","protected":false},"author":246,"featured_media":205933,"comment_status":"closed","ping_status":"closed","sticky":false,"template":"","format":"standard","meta":{"footnotes":""},"categories":[253,436,440,439],"tags":[],"class_list":["post-205932","post","type-post","status-publish","format-standard","has-post-thumbnail","hentry","category-cidade","category-destaque-da-semana","category-destaques-do-dia","category-ultima-hora"],"_links":{"self":[{"href":"https:\/\/diarioregionaldigital.com.br\/index.php?rest_route=\/wp\/v2\/posts\/205932","targetHints":{"allow":["GET"]}}],"collection":[{"href":"https:\/\/diarioregionaldigital.com.br\/index.php?rest_route=\/wp\/v2\/posts"}],"about":[{"href":"https:\/\/diarioregionaldigital.com.br\/index.php?rest_route=\/wp\/v2\/types\/post"}],"author":[{"embeddable":true,"href":"https:\/\/diarioregionaldigital.com.br\/index.php?rest_route=\/wp\/v2\/users\/246"}],"replies":[{"embeddable":true,"href":"https:\/\/diarioregionaldigital.com.br\/index.php?rest_route=%2Fwp%2Fv2%2Fcomments&post=205932"}],"version-history":[{"count":1,"href":"https:\/\/diarioregionaldigital.com.br\/index.php?rest_route=\/wp\/v2\/posts\/205932\/revisions"}],"predecessor-version":[{"id":205934,"href":"https:\/\/diarioregionaldigital.com.br\/index.php?rest_route=\/wp\/v2\/posts\/205932\/revisions\/205934"}],"wp:featuredmedia":[{"embeddable":true,"href":"https:\/\/diarioregionaldigital.com.br\/index.php?rest_route=\/wp\/v2\/media\/205933"}],"wp:attachment":[{"href":"https:\/\/diarioregionaldigital.com.br\/index.php?rest_route=%2Fwp%2Fv2%2Fmedia&parent=205932"}],"wp:term":[{"taxonomy":"category","embeddable":true,"href":"https:\/\/diarioregionaldigital.com.br\/index.php?rest_route=%2Fwp%2Fv2%2Fcategories&post=205932"},{"taxonomy":"post_tag","embeddable":true,"href":"https:\/\/diarioregionaldigital.com.br\/index.php?rest_route=%2Fwp%2Fv2%2Ftags&post=205932"}],"curies":[{"name":"wp","href":"https:\/\/api.w.org\/{rel}","templated":true}]}}