{"id":205929,"date":"2022-10-26T17:39:35","date_gmt":"2022-10-26T20:39:35","guid":{"rendered":"https:\/\/diarioregionaldigital.com.br\/?p=205929"},"modified":"2022-10-26T17:39:35","modified_gmt":"2022-10-26T20:39:35","slug":"lauro-chaman-leva-o-bronze-na-prova-omnium-do-mundial-de-ciclismo-de-pista-2","status":"publish","type":"post","link":"https:\/\/diarioregionaldigital.com.br\/?p=205929","title":{"rendered":"Lauro Chaman leva o bronze na prova Omnium do Mundial de ciclismo de pista"},"content":{"rendered":"<p>O paulista Lauro Chaman conquistou a medalha de bronze no encerramento do Mundial de ciclismo de pista, no \u00faltimo domingo (23.10), na cidade de Saint-Quentin-en-Yvelines, na Fran\u00e7a. O atleta brasileiro da classe C5 ficou na terceira coloca\u00e7\u00e3o da prova Omnium e assegurou a segunda medalha do pa\u00eds na competi\u00e7\u00e3o ap\u00f3s a prata de Sabrina Cust\u00f3dia nos 500m contrarrel\u00f3gio.<\/p>\n<p>A disputa Omnium re\u00fane quatro provas e o resultado geral \u00e9 a pontua\u00e7\u00e3o acumulada nas mesmas. O atleta de Araraquara (SP) somou 30 pontos na prova dos 200m, 34 na persegui\u00e7\u00e3o individual, 36 na Scratch, e 28 na prova dos 1.000m, acumulando 128 pontos no total da classifica\u00e7\u00e3o geral, o que lhe rendeu a terceira coloca\u00e7\u00e3o no p\u00f3dio.<\/p>\n<p>Lauro, que nasceu com o p\u00e9 esquerdo virado para tr\u00e1s e teve atrofia na panturrilha ap\u00f3s uma cirurgia, ficou atr\u00e1s apenas do australiano Alistair Donohoe, que somou 132 pontos e ficou com a prata, e do franc\u00eas Dorian Foulon, que conquistou a medalha de ouro ao atingir 152 pontos.<\/p>\n<p>Dona na outa medalha do pa\u00eds na competi\u00e7\u00e3o, a tamb\u00e9m paulista Sabrina Cust\u00f3dia disputou no domingo a prova Scratch com as classes combinadas C1 e C2 e ficou na s\u00e9tima coloca\u00e7\u00e3o.<\/p>\n<p>O time brasileiro foi formado por Lauro Chaman, na categoria MC5, Carlos Soares, na MC1, Sabrina Cust\u00f3dia, na WC2, al\u00e9m de Gilce Duarte e Talita da Luz (Piloto), e M\u00e1rcia Fanhani e Maria Teresa Muller (Piloto), ambas na Tandem.<\/p>\n<p>A competi\u00e7\u00e3o na cidade francesa valeu pontos na classifica\u00e7\u00e3o dos pa\u00edses para os Jogos Paral\u00edmpicos de Paris 2024.<\/p>\n<p>Fonte: Comit\u00ea Paral\u00edmpico Brasileiro (CPB)<\/p>\n","protected":false},"excerpt":{"rendered":"<p>O paulista Lauro Chaman conquistou a medalha de bronze no encerramento do Mundial de ciclismo de pista, no \u00faltimo domingo (23.10), na cidade de Saint-Quentin-en-Yvelines, na Fran\u00e7a. O atleta brasileiro da classe C5 ficou na terceira coloca\u00e7\u00e3o da prova Omnium e assegurou a segunda medalha do pa\u00eds na competi\u00e7\u00e3o ap\u00f3s a prata de Sabrina Cust\u00f3dia [&hellip;]<\/p>\n","protected":false},"author":246,"featured_media":205930,"comment_status":"closed","ping_status":"closed","sticky":false,"template":"","format":"standard","meta":{"footnotes":""},"categories":[436,257,439],"tags":[],"class_list":["post-205929","post","type-post","status-publish","format-standard","has-post-thumbnail","hentry","category-destaque-da-semana","category-esporte","category-ultima-hora"],"_links":{"self":[{"href":"https:\/\/diarioregionaldigital.com.br\/index.php?rest_route=\/wp\/v2\/posts\/205929","targetHints":{"allow":["GET"]}}],"collection":[{"href":"https:\/\/diarioregionaldigital.com.br\/index.php?rest_route=\/wp\/v2\/posts"}],"about":[{"href":"https:\/\/diarioregionaldigital.com.br\/index.php?rest_route=\/wp\/v2\/types\/post"}],"author":[{"embeddable":true,"href":"https:\/\/diarioregionaldigital.com.br\/index.php?rest_route=\/wp\/v2\/users\/246"}],"replies":[{"embeddable":true,"href":"https:\/\/diarioregionaldigital.com.br\/index.php?rest_route=%2Fwp%2Fv2%2Fcomments&post=205929"}],"version-history":[{"count":1,"href":"https:\/\/diarioregionaldigital.com.br\/index.php?rest_route=\/wp\/v2\/posts\/205929\/revisions"}],"predecessor-version":[{"id":205931,"href":"https:\/\/diarioregionaldigital.com.br\/index.php?rest_route=\/wp\/v2\/posts\/205929\/revisions\/205931"}],"wp:featuredmedia":[{"embeddable":true,"href":"https:\/\/diarioregionaldigital.com.br\/index.php?rest_route=\/wp\/v2\/media\/205930"}],"wp:attachment":[{"href":"https:\/\/diarioregionaldigital.com.br\/index.php?rest_route=%2Fwp%2Fv2%2Fmedia&parent=205929"}],"wp:term":[{"taxonomy":"category","embeddable":true,"href":"https:\/\/diarioregionaldigital.com.br\/index.php?rest_route=%2Fwp%2Fv2%2Fcategories&post=205929"},{"taxonomy":"post_tag","embeddable":true,"href":"https:\/\/diarioregionaldigital.com.br\/index.php?rest_route=%2Fwp%2Fv2%2Ftags&post=205929"}],"curies":[{"name":"wp","href":"https:\/\/api.w.org\/{rel}","templated":true}]}}