{"id":205926,"date":"2022-10-26T17:37:39","date_gmt":"2022-10-26T20:37:39","guid":{"rendered":"https:\/\/diarioregionaldigital.com.br\/?p=205926"},"modified":"2022-10-26T17:37:39","modified_gmt":"2022-10-26T20:37:39","slug":"palmeiras-supera-athletico-pr-e-coloca-uma-mao-na-taca-do-brasileiro","status":"publish","type":"post","link":"https:\/\/diarioregionaldigital.com.br\/?p=205926","title":{"rendered":"Palmeiras supera Athletico-PR e coloca uma m\u00e3o na ta\u00e7a do Brasileiro"},"content":{"rendered":"<p>O Palmeiras colocou uma m\u00e3o na ta\u00e7a do Campeonato Brasileiro ap\u00f3s derrotar o Athletico-PR por 3 a 1, na noite desta ter\u00e7a-feira (26) na Arena da Baixada. Com esse resultado, o Verd\u00e3o pode soltar o grito de campe\u00e3o na pr\u00f3xima quarta (26) caso Corinthians e Internacional n\u00e3o ven\u00e7am seus respectivos jogos.<img decoding=\"async\" src=\"https:\/\/agenciabrasil.ebc.com.br\/ebc.png?id=1490179&amp;o=node\" \/><img decoding=\"async\" src=\"https:\/\/agenciabrasil.ebc.com.br\/ebc.gif?id=1490179&amp;o=node\" \/><\/p>\n<p>Com o triunfo, a equipe comandada pelo t\u00e9cnico portugu\u00eas Abel Ferreira chegou aos 74 pontos e ser\u00e1 campe\u00e3 da S\u00e9rie A caso o Tim\u00e3o, que tem 57 pontos, n\u00e3o derrote o Fluminense na Neo Qu\u00edmica Arena e o Colorado, que tem 61 pontos, n\u00e3o supere o Cear\u00e1 no Beira Rio. J\u00e1 para o Furac\u00e3o o rev\u00e9s representou permanecer com 51 pontos, na 6\u00aa posi\u00e7\u00e3o.<\/p>\n<p>Mesmo fora de casa, o Palmeiras come\u00e7ou melhor do que o Furac\u00e3o, que entrou em campo com uma forma\u00e7\u00e3o alternativa para poupar pe\u00e7as para a final da Libertadores, no pr\u00f3ximo s\u00e1bado (29), contra o Flamengo em Guayaquil (Equador).<\/p>\n<p>Mas, em uma das suas poucas chegadas ao ataque, o time da casa abriu o placar quando o zagueiro Matheus Felipe bateu com muita for\u00e7a da entrada da \u00e1rea para marcar um belo gol.<\/p>\n<p>O Palmeiras aumentou a press\u00e3o, mas o empate veio apenas ap\u00f3s o intervalo, com Gustavo Scarpa aos 13 minutos. Tr\u00eas minutos depois o atacante Cuello acabou expulso por reclama\u00e7\u00e3o, o que facilitou de vez a vida do Palmeiras.<\/p>\n<p>Assim, aos 24 o menino Endrick marcou de cabe\u00e7a ap\u00f3s cruzamento de Rony. Com este gol, o atacante se tornou o jogador mais jovem a marcar pelo time profissional do Verd\u00e3o, aos 16 anos, 3 meses e 4 dias. Aos 30, Gustavo G\u00f3mez ampliou de cabe\u00e7a ap\u00f3s cobran\u00e7a de escanteio de Gustavo Scarpa. Uma bela vit\u00f3ria que pode ser fundamental para a conquista do t\u00edtulo Brasileiro.<\/p>\n<p><span style=\"font-weight: 400;\">\u00a0<\/span><span style=\"font-weight: 400;\"><br \/>\n<\/span><span style=\"font-weight: 400;\">Fonte:\u00a0 Ag\u00eancia Brasil <\/span><\/p>\n","protected":false},"excerpt":{"rendered":"<p>O Palmeiras colocou uma m\u00e3o na ta\u00e7a do Campeonato Brasileiro ap\u00f3s derrotar o Athletico-PR por 3 a 1, na noite desta ter\u00e7a-feira (26) na Arena da Baixada. Com esse resultado, o Verd\u00e3o pode soltar o grito de campe\u00e3o na pr\u00f3xima quarta (26) caso Corinthians e Internacional n\u00e3o ven\u00e7am seus respectivos jogos. Com o triunfo, a [&hellip;]<\/p>\n","protected":false},"author":246,"featured_media":205927,"comment_status":"closed","ping_status":"closed","sticky":false,"template":"","format":"standard","meta":{"footnotes":""},"categories":[436,257,439],"tags":[],"class_list":["post-205926","post","type-post","status-publish","format-standard","has-post-thumbnail","hentry","category-destaque-da-semana","category-esporte","category-ultima-hora"],"_links":{"self":[{"href":"https:\/\/diarioregionaldigital.com.br\/index.php?rest_route=\/wp\/v2\/posts\/205926","targetHints":{"allow":["GET"]}}],"collection":[{"href":"https:\/\/diarioregionaldigital.com.br\/index.php?rest_route=\/wp\/v2\/posts"}],"about":[{"href":"https:\/\/diarioregionaldigital.com.br\/index.php?rest_route=\/wp\/v2\/types\/post"}],"author":[{"embeddable":true,"href":"https:\/\/diarioregionaldigital.com.br\/index.php?rest_route=\/wp\/v2\/users\/246"}],"replies":[{"embeddable":true,"href":"https:\/\/diarioregionaldigital.com.br\/index.php?rest_route=%2Fwp%2Fv2%2Fcomments&post=205926"}],"version-history":[{"count":1,"href":"https:\/\/diarioregionaldigital.com.br\/index.php?rest_route=\/wp\/v2\/posts\/205926\/revisions"}],"predecessor-version":[{"id":205928,"href":"https:\/\/diarioregionaldigital.com.br\/index.php?rest_route=\/wp\/v2\/posts\/205926\/revisions\/205928"}],"wp:featuredmedia":[{"embeddable":true,"href":"https:\/\/diarioregionaldigital.com.br\/index.php?rest_route=\/wp\/v2\/media\/205927"}],"wp:attachment":[{"href":"https:\/\/diarioregionaldigital.com.br\/index.php?rest_route=%2Fwp%2Fv2%2Fmedia&parent=205926"}],"wp:term":[{"taxonomy":"category","embeddable":true,"href":"https:\/\/diarioregionaldigital.com.br\/index.php?rest_route=%2Fwp%2Fv2%2Fcategories&post=205926"},{"taxonomy":"post_tag","embeddable":true,"href":"https:\/\/diarioregionaldigital.com.br\/index.php?rest_route=%2Fwp%2Fv2%2Ftags&post=205926"}],"curies":[{"name":"wp","href":"https:\/\/api.w.org\/{rel}","templated":true}]}}