{"id":205923,"date":"2022-10-26T17:35:18","date_gmt":"2022-10-26T20:35:18","guid":{"rendered":"https:\/\/diarioregionaldigital.com.br\/?p=205923"},"modified":"2022-10-26T17:35:18","modified_gmt":"2022-10-26T20:35:18","slug":"com-sparrings-ilustres-selecao-paralimpica-faz-ultimos-ajustes-para-o-mundial","status":"publish","type":"post","link":"https:\/\/diarioregionaldigital.com.br\/?p=205923","title":{"rendered":"Com sparrings ilustres, Sele\u00e7\u00e3o paral\u00edmpica faz \u00faltimos ajustes para o Mundial"},"content":{"rendered":"<p>Com direito a convidados ilustres, a Sele\u00e7\u00e3o Brasileira de t\u00eanis de mesa iniciou a \u00faltima semana de prepara\u00e7\u00e3o no Brasil para o Mundial Paral\u00edmpico, competi\u00e7\u00e3o agendada para a espanhola Granada, entre os dias 6 e 12 de novembro. Desde a \u00faltima segunda-feira (24.10), o grupo se re\u00fane no Centro Paral\u00edmpico Brasileiro, em S\u00e3o Paulo (SP), com a presen\u00e7a de sparrings do n\u00edvel de Gustavo Tsuboi e Hugo Hoyama, multicampe\u00e3o entre os ol\u00edmpicos. Al\u00e9m do treino na mesa, ele levou palavras de incentivo.<\/p>\n<p>\u201cEstou me sentindo bem e feliz com essa fun\u00e7\u00e3o e, para mim, \u00e9 gratificante sentir que estou ajudando\u201d, descreveu o atual embaixador do t\u00eanis de mesa brasileiro. E se engana quem imagina que Hoyama facilita a vida dos paral\u00edmpicos. \u201cA comiss\u00e3o t\u00e9cnica pediu para que eu treinasse normalmente, pois tenho boa varia\u00e7\u00e3o de bolas\u201d, disse. \u201cAcho isso v\u00e1lido, porque se eles conseguem acertar o tempo dessas bolas, estar\u00e3o bem preparados para o campeonato\u201d, analisou Hoyama.<\/p>\n<p>Segundo o t\u00e9cnico Paulo Molitor, a presen\u00e7a de Hoyama e Tsuboi se ajusta com o objetivo dessa fase dos treinamentos. \u201cEstamos trabalhando com os ajustes e adapta\u00e7\u00f5es a jogos diferentes\u201d, informou. \u201cComo estamos em um bom n\u00famero de atletas, d\u00e1 para fazer muitas varia\u00e7\u00f5es\u201d, acrescentou, informando ainda que na sequ\u00eancia a prepara\u00e7\u00e3o se volta para as duplas, que foram inclu\u00eddas no Mundial a partir desta edi\u00e7\u00e3o.<\/p>\n<p>A comiss\u00e3o t\u00e9cnica trabalha ainda a parte mental dos atletas, principalmente no que diz respeito \u00e0 ansiedade. \u201cEstamos trabalhando para que eles foquem na quest\u00e3o da performance. Se jogarem bem, as coisas acontecem naturalmente\u201d, comentou o treinador. \u201cTentamos deixar eles confort\u00e1veis nos treinos, mas temos um grupo grande e com reais chances de medalhas\u201d, disse Molitor. \u201cSei que todos t\u00eam chances de conquistar medalhas e nada como estar junto nesta prepara\u00e7\u00e3o\u201d, acrescentou Hoyama.<\/p>\n<p>A prepara\u00e7\u00e3o prossegue at\u00e9 o dia 29 no Centro de Treinamento Paral\u00edmpico Brasileiro. Na sequ\u00eancia, eles partem para a Espanha. A equipe feminina conta com C\u00e1tia Oliveira (classe 2), Tha\u00eds Severo (classe 3), Marliane Santos (classe 3), Joyce de Oliveira (classe 4), Aline Ferreira (classe 7), Lethicia Lacerda (classe 8), Sophia Kelmer (classe 8), Jennyfer Parinos (classe 9), Danielle Rauen (classe 9), Bruna Alexandre (classe 10) e Evellyn Santos (classe 11).<\/p>\n<p>O grupo masculino \u00e9 composto por Iranildo Esp\u00edndola (classe 2), Guilherme Costa (classe 2), Lucas Arabian (classe 5), Israel Stroh (classe 7), Luiz Filipe Manara (classe 8), Claudio Massad (classe 10) e Paulo Salmin (classe 7).<\/p>\n<p>Fonte: Confedera\u00e7\u00e3o Brasileira de T\u00eanis de Mesa<\/p>\n","protected":false},"excerpt":{"rendered":"<p>Com direito a convidados ilustres, a Sele\u00e7\u00e3o Brasileira de t\u00eanis de mesa iniciou a \u00faltima semana de prepara\u00e7\u00e3o no Brasil para o Mundial Paral\u00edmpico, competi\u00e7\u00e3o agendada para a espanhola Granada, entre os dias 6 e 12 de novembro. Desde a \u00faltima segunda-feira (24.10), o grupo se re\u00fane no Centro Paral\u00edmpico Brasileiro, em S\u00e3o Paulo (SP), [&hellip;]<\/p>\n","protected":false},"author":246,"featured_media":205924,"comment_status":"closed","ping_status":"closed","sticky":false,"template":"","format":"standard","meta":{"footnotes":""},"categories":[436,257,439],"tags":[],"class_list":["post-205923","post","type-post","status-publish","format-standard","has-post-thumbnail","hentry","category-destaque-da-semana","category-esporte","category-ultima-hora"],"_links":{"self":[{"href":"https:\/\/diarioregionaldigital.com.br\/index.php?rest_route=\/wp\/v2\/posts\/205923","targetHints":{"allow":["GET"]}}],"collection":[{"href":"https:\/\/diarioregionaldigital.com.br\/index.php?rest_route=\/wp\/v2\/posts"}],"about":[{"href":"https:\/\/diarioregionaldigital.com.br\/index.php?rest_route=\/wp\/v2\/types\/post"}],"author":[{"embeddable":true,"href":"https:\/\/diarioregionaldigital.com.br\/index.php?rest_route=\/wp\/v2\/users\/246"}],"replies":[{"embeddable":true,"href":"https:\/\/diarioregionaldigital.com.br\/index.php?rest_route=%2Fwp%2Fv2%2Fcomments&post=205923"}],"version-history":[{"count":1,"href":"https:\/\/diarioregionaldigital.com.br\/index.php?rest_route=\/wp\/v2\/posts\/205923\/revisions"}],"predecessor-version":[{"id":205925,"href":"https:\/\/diarioregionaldigital.com.br\/index.php?rest_route=\/wp\/v2\/posts\/205923\/revisions\/205925"}],"wp:featuredmedia":[{"embeddable":true,"href":"https:\/\/diarioregionaldigital.com.br\/index.php?rest_route=\/wp\/v2\/media\/205924"}],"wp:attachment":[{"href":"https:\/\/diarioregionaldigital.com.br\/index.php?rest_route=%2Fwp%2Fv2%2Fmedia&parent=205923"}],"wp:term":[{"taxonomy":"category","embeddable":true,"href":"https:\/\/diarioregionaldigital.com.br\/index.php?rest_route=%2Fwp%2Fv2%2Fcategories&post=205923"},{"taxonomy":"post_tag","embeddable":true,"href":"https:\/\/diarioregionaldigital.com.br\/index.php?rest_route=%2Fwp%2Fv2%2Ftags&post=205923"}],"curies":[{"name":"wp","href":"https:\/\/api.w.org\/{rel}","templated":true}]}}