{"id":205853,"date":"2022-10-25T19:43:08","date_gmt":"2022-10-25T22:43:08","guid":{"rendered":"https:\/\/diarioregionaldigital.com.br\/?p=205853"},"modified":"2022-10-25T19:43:08","modified_gmt":"2022-10-25T22:43:08","slug":"stf-confirma-decisao-de-suspender-afastamento-do-governador-de-alagoas","status":"publish","type":"post","link":"https:\/\/diarioregionaldigital.com.br\/?p=205853","title":{"rendered":"STF confirma decis\u00e3o de suspender afastamento do governador de Alagoas"},"content":{"rendered":"<p>A Primeira Turma do Supremo Tribunal Federal (STF) confirmou hoje (25) a decis\u00e3o de suspender o\u00a0afastamento\u00a0do governador de Alagoas, Paulo Dantas. O colegiado referendou liminares (decis\u00f5es provis\u00f3ria) concedidas no dia anterior pelo ministro Lu\u00eds Roberto Barroso.\u00a0<img decoding=\"async\" src=\"https:\/\/agenciabrasil.ebc.com.br\/ebc.png?id=1490049&amp;o=node\" \/><img decoding=\"async\" src=\"https:\/\/agenciabrasil.ebc.com.br\/ebc.gif?id=1490049&amp;o=node\" \/><\/p>\n<p>Al\u00e9m de Barroso, outra decis\u00e3o favor\u00e1vel a Dantas foi proferida pelo ministro Gilmar Mendes, que integra a Segunda Turma, em outro processo. Na Primeira Turma, da qual Barroso \u00e9 membro, o caso foi pautado nesta ter\u00e7a-feira para julgamento em sess\u00e3o de 24h do plen\u00e1rio virtual.<\/p>\n<p>O julgamento segue at\u00e9 as 23h59, mas j\u00e1 acompanharam Barroso os ministros Dias Toffoli, Alexandre de Moraes e C\u00e1rmen L\u00facia. O \u00fanico que ainda n\u00e3o se manifestou \u00e9 Luiz Fux.<\/p>\n<p>Com a confirma\u00e7\u00e3o do Supremo, ficou revertido entendimento da Corte Especial do Superior Tribunal de Justi\u00e7a (STJ), que no in\u00edcio deste m\u00eas manteve decis\u00e3o monocr\u00e1tica da ministra Laurita Vaz, primeira respons\u00e1vel pelo afastamento de Dantas.<\/p>\n<h2>Entenda<\/h2>\n<p>Em 11 de outubro, o governador de Alagoas foi um dos alvos da Opera\u00e7\u00e3o Edema, deflagrada pela Pol\u00edcia Federal (PF) para apurar supostos desvios de recursos p\u00fablicos no Legislativo alagoano, que teriam se iniciado em 2019, quando Dantas era deputado estadual.<\/p>\n<p>Na ocasi\u00e3o, foram feitas\u00a0buscas e apreens\u00f5es e determinou-se o bloqueio de\u00a0aproximadamente R$ 54 milh\u00f5es em bens e valores na forma de ressarcimento e decidiu-se o afastamento de Dantas do cargo de governador. De acordo com a investiga\u00e7\u00e3o, o caso envolve supostos desvios de recursos da Assembleia Legislativa de Alagoas por meio de funcion\u00e1rios fantasmas.<\/p>\n<p>Filiado ao MDB, Dantas ocupa o cargo de governador desde maio, quando foi\u00a0<a href=\"http:\/\/xn--paulo%20dantas%20%20eleito%20governador%20de%20alagoas%20para%20mandato%20tampo%20[nid:1459808]-12h43c\/\">escolhido em elei\u00e7\u00e3o indireta<\/a>\u00a0pela Assembleia Legislativa. Ele agora tenta a reelei\u00e7\u00e3o, com o apoio do ex-presidente Luiz In\u00e1cio Lula da Silva, e disputa o segundo turno das elei\u00e7\u00f5es contra Rodrigo Cunha (Uni\u00e3o Brasil).<\/p>\n<p>A decis\u00e3o do STJ n\u00e3o impediu a campanha de Dantas ao governo do estado.\u00a0Ap\u00f3s a opera\u00e7\u00e3o,\u00a0ele disse que a a\u00e7\u00e3o foi \u201cencena\u00e7\u00e3o de uma ala da PF&#8221; para prejudicar sua candidatura.<\/p>\n<h2>Liminares<\/h2>\n<p>Em seu voto na Primeira Turma, Barroso replicou a liminar do dia anterior em que j\u00e1 havia revertido o afastamento de Dantas. O ministro escreveu n\u00e3o ver ind\u00edcios m\u00ednimos de que o governador praticou il\u00edcitos enquanto chefiava o Executivo alagoano ou em fun\u00e7\u00e3o do cargo. Por esse motivo, h\u00e1 d\u00favida se o STJ teria compet\u00eancia para afast\u00e1-lo.<\/p>\n<p>\u201cCom efeito, os crimes sob investiga\u00e7\u00e3o (entre os quais o desvio de remunera\u00e7\u00f5es percebidas por \u201cfuncion\u00e1rios fantasmas\u201d da Assembleia Legislativa de Alagoas), embora graves e reprov\u00e1veis, n\u00e3o parecem estar relacionados com as atribui\u00e7\u00f5es inerentes ao cargo de governador\u201d, entendeu Barroso.<\/p>\n<p>Em paralelo, o ministro Gilmar Mendes disse que o afastamento n\u00e3o poderia\u00a0ter\u00a0sido autorizado porque a legisla\u00e7\u00e3o pro\u00edbe medidas cautelares contra candidatos a cargos majorit\u00e1rios.<\/p>\n<p><span style=\"font-weight: 400;\"><br \/>\n<\/span><span style=\"font-weight: 400;\">Fonte: Ag\u00eancia Brasil <\/span><\/p>\n","protected":false},"excerpt":{"rendered":"<p>A Primeira Turma do Supremo Tribunal Federal (STF) confirmou hoje (25) a decis\u00e3o de suspender o\u00a0afastamento\u00a0do governador de Alagoas, Paulo Dantas. O colegiado referendou liminares (decis\u00f5es provis\u00f3ria) concedidas no dia anterior pelo ministro Lu\u00eds Roberto Barroso.\u00a0 Al\u00e9m de Barroso, outra decis\u00e3o favor\u00e1vel a Dantas foi proferida pelo ministro Gilmar Mendes, que integra a Segunda Turma, [&hellip;]<\/p>\n","protected":false},"author":246,"featured_media":205854,"comment_status":"closed","ping_status":"closed","sticky":false,"template":"","format":"standard","meta":{"footnotes":""},"categories":[436,254,439],"tags":[],"class_list":["post-205853","post","type-post","status-publish","format-standard","has-post-thumbnail","hentry","category-destaque-da-semana","category-politica","category-ultima-hora"],"_links":{"self":[{"href":"https:\/\/diarioregionaldigital.com.br\/index.php?rest_route=\/wp\/v2\/posts\/205853","targetHints":{"allow":["GET"]}}],"collection":[{"href":"https:\/\/diarioregionaldigital.com.br\/index.php?rest_route=\/wp\/v2\/posts"}],"about":[{"href":"https:\/\/diarioregionaldigital.com.br\/index.php?rest_route=\/wp\/v2\/types\/post"}],"author":[{"embeddable":true,"href":"https:\/\/diarioregionaldigital.com.br\/index.php?rest_route=\/wp\/v2\/users\/246"}],"replies":[{"embeddable":true,"href":"https:\/\/diarioregionaldigital.com.br\/index.php?rest_route=%2Fwp%2Fv2%2Fcomments&post=205853"}],"version-history":[{"count":1,"href":"https:\/\/diarioregionaldigital.com.br\/index.php?rest_route=\/wp\/v2\/posts\/205853\/revisions"}],"predecessor-version":[{"id":205855,"href":"https:\/\/diarioregionaldigital.com.br\/index.php?rest_route=\/wp\/v2\/posts\/205853\/revisions\/205855"}],"wp:featuredmedia":[{"embeddable":true,"href":"https:\/\/diarioregionaldigital.com.br\/index.php?rest_route=\/wp\/v2\/media\/205854"}],"wp:attachment":[{"href":"https:\/\/diarioregionaldigital.com.br\/index.php?rest_route=%2Fwp%2Fv2%2Fmedia&parent=205853"}],"wp:term":[{"taxonomy":"category","embeddable":true,"href":"https:\/\/diarioregionaldigital.com.br\/index.php?rest_route=%2Fwp%2Fv2%2Fcategories&post=205853"},{"taxonomy":"post_tag","embeddable":true,"href":"https:\/\/diarioregionaldigital.com.br\/index.php?rest_route=%2Fwp%2Fv2%2Ftags&post=205853"}],"curies":[{"name":"wp","href":"https:\/\/api.w.org\/{rel}","templated":true}]}}