{"id":205828,"date":"2022-10-24T21:39:58","date_gmt":"2022-10-25T00:39:58","guid":{"rendered":"https:\/\/diarioregionaldigital.com.br\/?p=205828"},"modified":"2022-10-24T21:39:58","modified_gmt":"2022-10-25T00:39:58","slug":"pjf-realiza-operacao-tapa-buraco-em-mais-de-15-bairros-na-ultima-semana","status":"publish","type":"post","link":"https:\/\/diarioregionaldigital.com.br\/?p=205828","title":{"rendered":"PJF realiza opera\u00e7\u00e3o tapa-buraco em mais de 15 bairros na \u00faltima semana"},"content":{"rendered":"<p>Segundo informa\u00e7\u00f5es do site da Prefeitura de Juiz de Fora (PJF), a PJF segue com a opera\u00e7\u00e3o tapa-buraco em diversos pontos da cidade, proporcionando mais conforto, mobilidade e seguran\u00e7a aos moradores. Nesta semana, de segunda-feira, 17, at\u00e9 s\u00e1bado, 22, as equipes da Empresa Municipal de Pavimenta\u00e7\u00e3o e Urbanidades (Empav) estiveram em mais de 15 bairros, atendendo mais de 15 vias com servi\u00e7os de recomposi\u00e7\u00e3o asf\u00e1ltica.<\/p>\n<p>Destaque para a Rua Bady Geara, que corta os bairros Ipiranga e Santa Efig\u00eania, e recebeu a opera\u00e7\u00e3o ao longo da semana.<\/p>\n<p>Al\u00e9m dos servi\u00e7os de tapa-buraco, as equipes da Empav tamb\u00e9m realizaram um recapeamento na Avenida Pedro Afonso Pinheiro, tamb\u00e9m no bairro Santa Efig\u00eania, onde quase um quil\u00f4metro da via recebeu manuten\u00e7\u00e3o e refor\u00e7o no asfalto, para aumentar a durabilidade do pavimento e deixar a via nivelada com mais conforto e seguran\u00e7a para a popula\u00e7\u00e3o.<\/p>\n<p><strong>Veja abaixo a lista completa de bairros atendidos nesta semana:<\/strong><br \/>\nEldorado<\/p>\n<p>Parque Independ\u00eancia<\/p>\n<p>Santa Efig\u00eania<\/p>\n<p>Vila Ideal<\/p>\n<p>Bonfim<\/p>\n<p>S\u00e3o Pedro<\/p>\n<p>Mundo Novo<\/p>\n<p>Santa Cec\u00edlia<\/p>\n<p>Vila Olavo Costa<\/p>\n<p>Graja\u00fa<\/p>\n<p>Manoel Hon\u00f3rio<\/p>\n<p>Ponte Preta<\/p>\n<p>Santa Luzia<\/p>\n<p>Nossa Senhora de F\u00e1tima<\/p>\n<p>Grama<\/p>\n<p>Retiro<\/p>\n<p>Paula Lima<\/p>\n<p>Os trabalhos seguem em andamento em v\u00e1rios pontos da cidade e a programa\u00e7\u00e3o completa das atividades realizadas pela Empav pode ser acompanhada diariamente atrav\u00e9s da p\u00e1gina do Gabinete de A\u00e7\u00e3o e Di\u00e1logo Comunit\u00e1rio, pelo link.<\/p>\n<p>Todas as a\u00e7\u00f5es de reestrutura\u00e7\u00e3o, urbaniza\u00e7\u00e3o e zeladoria realizadas pela Empresa Municipal de Pavimenta\u00e7\u00e3o e Urbanidades (Empav) fazem parte do Programa Boniteza. Estes e outros servi\u00e7os podem ser solicitados atrav\u00e9s do Gabinete de A\u00e7\u00e3o e Di\u00e1logo Comunit\u00e1rio, que recebe e organiza pedidos relativos a interven\u00e7\u00f5es e melhorias urbanas. O contato pode ser feito por liga\u00e7\u00e3o telef\u00f4nica, pelo n\u00famero (32) 3690-7241 ou, ainda, via WhatsApp, utilizando o mesmo n\u00famero.<\/p>\n","protected":false},"excerpt":{"rendered":"<p>Segundo informa\u00e7\u00f5es do site da Prefeitura de Juiz de Fora (PJF), a PJF segue com a opera\u00e7\u00e3o tapa-buraco em diversos pontos da cidade, proporcionando mais conforto, mobilidade e seguran\u00e7a aos moradores. Nesta semana, de segunda-feira, 17, at\u00e9 s\u00e1bado, 22, as equipes da Empresa Municipal de Pavimenta\u00e7\u00e3o e Urbanidades (Empav) estiveram em mais de 15 bairros, [&hellip;]<\/p>\n","protected":false},"author":246,"featured_media":205829,"comment_status":"closed","ping_status":"closed","sticky":false,"template":"","format":"standard","meta":{"footnotes":""},"categories":[253,436,439],"tags":[],"class_list":["post-205828","post","type-post","status-publish","format-standard","has-post-thumbnail","hentry","category-cidade","category-destaque-da-semana","category-ultima-hora"],"_links":{"self":[{"href":"https:\/\/diarioregionaldigital.com.br\/index.php?rest_route=\/wp\/v2\/posts\/205828","targetHints":{"allow":["GET"]}}],"collection":[{"href":"https:\/\/diarioregionaldigital.com.br\/index.php?rest_route=\/wp\/v2\/posts"}],"about":[{"href":"https:\/\/diarioregionaldigital.com.br\/index.php?rest_route=\/wp\/v2\/types\/post"}],"author":[{"embeddable":true,"href":"https:\/\/diarioregionaldigital.com.br\/index.php?rest_route=\/wp\/v2\/users\/246"}],"replies":[{"embeddable":true,"href":"https:\/\/diarioregionaldigital.com.br\/index.php?rest_route=%2Fwp%2Fv2%2Fcomments&post=205828"}],"version-history":[{"count":1,"href":"https:\/\/diarioregionaldigital.com.br\/index.php?rest_route=\/wp\/v2\/posts\/205828\/revisions"}],"predecessor-version":[{"id":205830,"href":"https:\/\/diarioregionaldigital.com.br\/index.php?rest_route=\/wp\/v2\/posts\/205828\/revisions\/205830"}],"wp:featuredmedia":[{"embeddable":true,"href":"https:\/\/diarioregionaldigital.com.br\/index.php?rest_route=\/wp\/v2\/media\/205829"}],"wp:attachment":[{"href":"https:\/\/diarioregionaldigital.com.br\/index.php?rest_route=%2Fwp%2Fv2%2Fmedia&parent=205828"}],"wp:term":[{"taxonomy":"category","embeddable":true,"href":"https:\/\/diarioregionaldigital.com.br\/index.php?rest_route=%2Fwp%2Fv2%2Fcategories&post=205828"},{"taxonomy":"post_tag","embeddable":true,"href":"https:\/\/diarioregionaldigital.com.br\/index.php?rest_route=%2Fwp%2Fv2%2Ftags&post=205828"}],"curies":[{"name":"wp","href":"https:\/\/api.w.org\/{rel}","templated":true}]}}