{"id":205822,"date":"2022-10-24T21:35:23","date_gmt":"2022-10-25T00:35:23","guid":{"rendered":"https:\/\/diarioregionaldigital.com.br\/?p=205822"},"modified":"2022-10-24T21:35:23","modified_gmt":"2022-10-25T00:35:23","slug":"questionarios-do-censo-e-diagnostico-da-populacao-em-situacao-de-rua-comecam-a-ser-aplicados","status":"publish","type":"post","link":"https:\/\/diarioregionaldigital.com.br\/?p=205822","title":{"rendered":"Question\u00e1rios do censo e diagn\u00f3stico da Popula\u00e7\u00e3o em situa\u00e7\u00e3o de rua come\u00e7am a ser aplicados"},"content":{"rendered":"<p>Segundo informa\u00e7\u00f5es do site de Prefeitura de Juiz de Fora (PJF), teve in\u00edcio nesta segunda-feira, 24, o censo que vai possibilitar a contagem e a an\u00e1lise qualificada de dados ligados \u00e0 popula\u00e7\u00e3o adulta em situa\u00e7\u00e3o de rua de Juiz de Fora. 50 bolsistas da Universidade Federal de Juiz de Fora de cursos diversificados foram capacitados por servidores das secretarias de Assist\u00eancia Social, Direitos Humanos, Sa\u00fade e Defesa Civil sobre formas de abordagem e funcionamento da rede de atendimento e j\u00e1 est\u00e3o aplicando os question\u00e1rios. Esse trabalho vai at\u00e9 o fim desta semana e toda a cidade foi mapeada e dividida em rotas.<\/p>\n<p>No final da tarde desta segunda, os bolsistas iniciaram o trabalho em ruas do Centro da cidade, nas Pra\u00e7as da Esta\u00e7\u00e3o e Ant\u00f4nio Carlos e seguiram para o bairro Po\u00e7o Rico onde devem concluir o primeiro dia de entrevistas.<\/p>\n<p>Conforme\u00a0Meirijane Teodoro, subsecret\u00e1ria de Vigil\u00e2ncia e Monitoramento da Assist\u00eancia Social, a\u00a0expectativa \u00e9 de que as informa\u00e7\u00f5es coletadas sejam entregues em dezembro e o diagn\u00f3stico completo saia em mar\u00e7o de 2023. Desta forma ser\u00e1 poss\u00edvel realizar a\u00e7\u00f5es mais assertivas e espec\u00edficas de pol\u00edticas p\u00fablicas voltadas para esta parcela da popula\u00e7\u00e3o.<\/p>\n<p>De acordo com Viviane\u00a0Pereira,\u00a0professora da Faculdade de Servi\u00e7o Social e coordenadora do projeto, o\u00a0Censo e o Diagn\u00f3stico da Popula\u00e7\u00e3o Adulta em Situa\u00e7\u00e3o de Rua de Juiz de Fora atendem a uma demanda antiga dos movimentos sociais da \u00e1rea, das entidades de defesa de direitos humanos e das diversas pol\u00edticas sociais que t\u00eam interven\u00e7\u00e3o direta nessa popula\u00e7\u00e3o. \u201cEstamos felizes com essa parceria que render\u00e1 bons frutos para a cidade\u201d.<\/p>\n<p><a href=\"https:\/\/www.pjf.mg.gov.br\/noticias\/view.php?modo=link2&amp;idnoticia2=76443\">A Prefeitura de Juiz de Fora (PJF) anunciou esta parceria com a UFJF no in\u00edcio de agosto<\/a>.\u00a0Para a prefeita, Margarida Salom\u00e3o, este diagn\u00f3stico \u00e9 necess\u00e1rio e emergencial.<\/p>\n","protected":false},"excerpt":{"rendered":"<p>Segundo informa\u00e7\u00f5es do site de Prefeitura de Juiz de Fora (PJF), teve in\u00edcio nesta segunda-feira, 24, o censo que vai possibilitar a contagem e a an\u00e1lise qualificada de dados ligados \u00e0 popula\u00e7\u00e3o adulta em situa\u00e7\u00e3o de rua de Juiz de Fora. 50 bolsistas da Universidade Federal de Juiz de Fora de cursos diversificados foram capacitados [&hellip;]<\/p>\n","protected":false},"author":246,"featured_media":205823,"comment_status":"closed","ping_status":"closed","sticky":false,"template":"","format":"standard","meta":{"footnotes":""},"categories":[253,436,439],"tags":[],"class_list":["post-205822","post","type-post","status-publish","format-standard","has-post-thumbnail","hentry","category-cidade","category-destaque-da-semana","category-ultima-hora"],"_links":{"self":[{"href":"https:\/\/diarioregionaldigital.com.br\/index.php?rest_route=\/wp\/v2\/posts\/205822","targetHints":{"allow":["GET"]}}],"collection":[{"href":"https:\/\/diarioregionaldigital.com.br\/index.php?rest_route=\/wp\/v2\/posts"}],"about":[{"href":"https:\/\/diarioregionaldigital.com.br\/index.php?rest_route=\/wp\/v2\/types\/post"}],"author":[{"embeddable":true,"href":"https:\/\/diarioregionaldigital.com.br\/index.php?rest_route=\/wp\/v2\/users\/246"}],"replies":[{"embeddable":true,"href":"https:\/\/diarioregionaldigital.com.br\/index.php?rest_route=%2Fwp%2Fv2%2Fcomments&post=205822"}],"version-history":[{"count":1,"href":"https:\/\/diarioregionaldigital.com.br\/index.php?rest_route=\/wp\/v2\/posts\/205822\/revisions"}],"predecessor-version":[{"id":205824,"href":"https:\/\/diarioregionaldigital.com.br\/index.php?rest_route=\/wp\/v2\/posts\/205822\/revisions\/205824"}],"wp:featuredmedia":[{"embeddable":true,"href":"https:\/\/diarioregionaldigital.com.br\/index.php?rest_route=\/wp\/v2\/media\/205823"}],"wp:attachment":[{"href":"https:\/\/diarioregionaldigital.com.br\/index.php?rest_route=%2Fwp%2Fv2%2Fmedia&parent=205822"}],"wp:term":[{"taxonomy":"category","embeddable":true,"href":"https:\/\/diarioregionaldigital.com.br\/index.php?rest_route=%2Fwp%2Fv2%2Fcategories&post=205822"},{"taxonomy":"post_tag","embeddable":true,"href":"https:\/\/diarioregionaldigital.com.br\/index.php?rest_route=%2Fwp%2Fv2%2Ftags&post=205822"}],"curies":[{"name":"wp","href":"https:\/\/api.w.org\/{rel}","templated":true}]}}