{"id":205819,"date":"2022-10-24T21:32:40","date_gmt":"2022-10-25T00:32:40","guid":{"rendered":"https:\/\/diarioregionaldigital.com.br\/?p=205819"},"modified":"2022-10-24T21:32:40","modified_gmt":"2022-10-25T00:32:40","slug":"prefeitura-inicia-forca-tarefa-noturna-para-revitalizar-pinturas-horizontais-das-vias-de-toda-a-cidade","status":"publish","type":"post","link":"https:\/\/diarioregionaldigital.com.br\/?p=205819","title":{"rendered":"Prefeitura inicia for\u00e7a-tarefa noturna para revitalizar pinturas horizontais das vias de toda a cidade"},"content":{"rendered":"<p>Segundo informa\u00e7\u00f5es do site de Prefeitura de Juiz de Fora (PJF), o\u00a0servi\u00e7o de revitaliza\u00e7\u00e3o da sinaliza\u00e7\u00e3o horizontal das ruas da cidade est\u00e1 sendo intensificado pela Prefeitura de Juiz de Fora (PJF), por meio da Secretaria de Mobilidade Urbana (SMU), desde a \u00faltima semana. Toda a a\u00e7\u00e3o est\u00e1 sendo executada no hor\u00e1rio noturno, entre 22h e 4h, para n\u00e3o acarretar transtornos ao tr\u00e2nsito. O primeiro local a ser contemplado em sua totalidade \u00e9 a Rua Bernardo Mascarenhas, no bairro F\u00e1brica. Ap\u00f3s a conclus\u00e3o desta via, os trabalhos seguem para a Rua Olavo Bilac, no bairro Cer\u00e2mica.<\/p>\n<p>Uma outra equipe da SMU realiza pinturas pontuais nas vias durante o dia, em locais em que n\u00e3o h\u00e1 a necessidade de interdi\u00e7\u00e3o total. A manuten\u00e7\u00e3o da sinaliza\u00e7\u00e3o horizontal inclui faixas de pedestres, demarca\u00e7\u00e3o de vagas, s\u00edmbolos de orienta\u00e7\u00e3o de dire\u00e7\u00e3o e linhas de reten\u00e7\u00e3o e de divis\u00e3o de pista. Todo o servi\u00e7o segue rigorosamente as normas do C\u00f3digo de Tr\u00e2nsito Brasileiro (CTB). A sinaliza\u00e7\u00e3o horizontal tem como fun\u00e7\u00e3o organizar o fluxo de ve\u00edculos e pedestres; controlar e orientar os deslocamentos e complementar os sinais verticais de regulamenta\u00e7\u00e3o, advert\u00eancia ou indica\u00e7\u00e3o.<\/p>\n","protected":false},"excerpt":{"rendered":"<p>Segundo informa\u00e7\u00f5es do site de Prefeitura de Juiz de Fora (PJF), o\u00a0servi\u00e7o de revitaliza\u00e7\u00e3o da sinaliza\u00e7\u00e3o horizontal das ruas da cidade est\u00e1 sendo intensificado pela Prefeitura de Juiz de Fora (PJF), por meio da Secretaria de Mobilidade Urbana (SMU), desde a \u00faltima semana. Toda a a\u00e7\u00e3o est\u00e1 sendo executada no hor\u00e1rio noturno, entre 22h e [&hellip;]<\/p>\n","protected":false},"author":246,"featured_media":205820,"comment_status":"closed","ping_status":"closed","sticky":false,"template":"","format":"standard","meta":{"footnotes":""},"categories":[253,436,440,439],"tags":[],"class_list":["post-205819","post","type-post","status-publish","format-standard","has-post-thumbnail","hentry","category-cidade","category-destaque-da-semana","category-destaques-do-dia","category-ultima-hora"],"_links":{"self":[{"href":"https:\/\/diarioregionaldigital.com.br\/index.php?rest_route=\/wp\/v2\/posts\/205819","targetHints":{"allow":["GET"]}}],"collection":[{"href":"https:\/\/diarioregionaldigital.com.br\/index.php?rest_route=\/wp\/v2\/posts"}],"about":[{"href":"https:\/\/diarioregionaldigital.com.br\/index.php?rest_route=\/wp\/v2\/types\/post"}],"author":[{"embeddable":true,"href":"https:\/\/diarioregionaldigital.com.br\/index.php?rest_route=\/wp\/v2\/users\/246"}],"replies":[{"embeddable":true,"href":"https:\/\/diarioregionaldigital.com.br\/index.php?rest_route=%2Fwp%2Fv2%2Fcomments&post=205819"}],"version-history":[{"count":1,"href":"https:\/\/diarioregionaldigital.com.br\/index.php?rest_route=\/wp\/v2\/posts\/205819\/revisions"}],"predecessor-version":[{"id":205821,"href":"https:\/\/diarioregionaldigital.com.br\/index.php?rest_route=\/wp\/v2\/posts\/205819\/revisions\/205821"}],"wp:featuredmedia":[{"embeddable":true,"href":"https:\/\/diarioregionaldigital.com.br\/index.php?rest_route=\/wp\/v2\/media\/205820"}],"wp:attachment":[{"href":"https:\/\/diarioregionaldigital.com.br\/index.php?rest_route=%2Fwp%2Fv2%2Fmedia&parent=205819"}],"wp:term":[{"taxonomy":"category","embeddable":true,"href":"https:\/\/diarioregionaldigital.com.br\/index.php?rest_route=%2Fwp%2Fv2%2Fcategories&post=205819"},{"taxonomy":"post_tag","embeddable":true,"href":"https:\/\/diarioregionaldigital.com.br\/index.php?rest_route=%2Fwp%2Fv2%2Ftags&post=205819"}],"curies":[{"name":"wp","href":"https:\/\/api.w.org\/{rel}","templated":true}]}}