{"id":205816,"date":"2022-10-24T21:24:58","date_gmt":"2022-10-25T00:24:58","guid":{"rendered":"https:\/\/diarioregionaldigital.com.br\/?p=205816"},"modified":"2022-10-24T21:24:58","modified_gmt":"2022-10-25T00:24:58","slug":"inter-fica-no-1-a-1-com-o-coritiba-no-couto-pereira","status":"publish","type":"post","link":"https:\/\/diarioregionaldigital.com.br\/?p=205816","title":{"rendered":"Inter fica no 1 a 1 com o Coritiba no Couto Pereira"},"content":{"rendered":"<p>O Internacional ficou no 1 a 1 com o Coritiba, na noite deste domingo (23) no est\u00e1dio Couto Pereira, pela 33\u00aa rodada da S\u00e9rie A do Campeonato Brasileiro.<img decoding=\"async\" src=\"https:\/\/agenciabrasil.ebc.com.br\/ebc.png?id=1489738&amp;o=node\" \/><img decoding=\"async\" src=\"https:\/\/agenciabrasil.ebc.com.br\/ebc.gif?id=1489738&amp;o=node\" \/><\/p>\n<p>Com este resultado, o Colorado chega aos 61 pontos, 10 a menos que o l\u00edder Palmeiras, que pode ser campe\u00e3o na pr\u00f3xima rodada caso ven\u00e7a seu compromisso com o Athletico-PR na pr\u00f3xima ter\u00e7a-feira (25) e, j\u00e1 na quarta-feira (26), o Internacional tropece diante do Cear\u00e1 e o Corinthians n\u00e3o ven\u00e7a o Fluminense.<\/p>\n<p>Jogando em casa, o Coritiba, que ficou na 15\u00aa posi\u00e7\u00e3o com 35 pontos, abriu o placar aos 23 minutos do primeiro tempo com o zagueiro Luciano Cast\u00e1n. Aos 6 minutos da etapa final o Colorado chegou a empatar com o atacante Alem\u00e3o, mas o lance acabou anulado pelo juiz com aux\u00edlio do VAR (\u00e1rbitro de v\u00eddeo). Por\u00e9m, aos 14 o zagueiro Vit\u00e3o garantiu a igualdade final.<\/p>\n<h2>Pedro Raul decisivo<\/h2>\n<p>Na \u00faltima partida deste domingo o Goi\u00e1s contou com o faro de gol de Pedro Raul para vencer o Cuiab\u00e1 por 2 a 1. Com este gol o atacante empatou com o argentino Cano na ponta da artilharia com 18 gols.<\/p>\n<p><span style=\"font-weight: 400;\">Fonte: Ag\u00eancia Brasil <\/span><\/p>\n","protected":false},"excerpt":{"rendered":"<p>O Internacional ficou no 1 a 1 com o Coritiba, na noite deste domingo (23) no est\u00e1dio Couto Pereira, pela 33\u00aa rodada da S\u00e9rie A do Campeonato Brasileiro. Com este resultado, o Colorado chega aos 61 pontos, 10 a menos que o l\u00edder Palmeiras, que pode ser campe\u00e3o na pr\u00f3xima rodada caso ven\u00e7a seu compromisso [&hellip;]<\/p>\n","protected":false},"author":246,"featured_media":205817,"comment_status":"closed","ping_status":"closed","sticky":false,"template":"","format":"standard","meta":{"footnotes":""},"categories":[436,257,439],"tags":[],"class_list":["post-205816","post","type-post","status-publish","format-standard","has-post-thumbnail","hentry","category-destaque-da-semana","category-esporte","category-ultima-hora"],"_links":{"self":[{"href":"https:\/\/diarioregionaldigital.com.br\/index.php?rest_route=\/wp\/v2\/posts\/205816","targetHints":{"allow":["GET"]}}],"collection":[{"href":"https:\/\/diarioregionaldigital.com.br\/index.php?rest_route=\/wp\/v2\/posts"}],"about":[{"href":"https:\/\/diarioregionaldigital.com.br\/index.php?rest_route=\/wp\/v2\/types\/post"}],"author":[{"embeddable":true,"href":"https:\/\/diarioregionaldigital.com.br\/index.php?rest_route=\/wp\/v2\/users\/246"}],"replies":[{"embeddable":true,"href":"https:\/\/diarioregionaldigital.com.br\/index.php?rest_route=%2Fwp%2Fv2%2Fcomments&post=205816"}],"version-history":[{"count":1,"href":"https:\/\/diarioregionaldigital.com.br\/index.php?rest_route=\/wp\/v2\/posts\/205816\/revisions"}],"predecessor-version":[{"id":205818,"href":"https:\/\/diarioregionaldigital.com.br\/index.php?rest_route=\/wp\/v2\/posts\/205816\/revisions\/205818"}],"wp:featuredmedia":[{"embeddable":true,"href":"https:\/\/diarioregionaldigital.com.br\/index.php?rest_route=\/wp\/v2\/media\/205817"}],"wp:attachment":[{"href":"https:\/\/diarioregionaldigital.com.br\/index.php?rest_route=%2Fwp%2Fv2%2Fmedia&parent=205816"}],"wp:term":[{"taxonomy":"category","embeddable":true,"href":"https:\/\/diarioregionaldigital.com.br\/index.php?rest_route=%2Fwp%2Fv2%2Fcategories&post=205816"},{"taxonomy":"post_tag","embeddable":true,"href":"https:\/\/diarioregionaldigital.com.br\/index.php?rest_route=%2Fwp%2Fv2%2Ftags&post=205816"}],"curies":[{"name":"wp","href":"https:\/\/api.w.org\/{rel}","templated":true}]}}