{"id":205813,"date":"2022-10-24T21:23:20","date_gmt":"2022-10-25T00:23:20","guid":{"rendered":"https:\/\/diarioregionaldigital.com.br\/?p=205813"},"modified":"2022-10-24T21:23:20","modified_gmt":"2022-10-25T00:23:20","slug":"day-silva-garante-o-palmeiras-na-semifinal-da-libertadores-feminina","status":"publish","type":"post","link":"https:\/\/diarioregionaldigital.com.br\/?p=205813","title":{"rendered":"Day Silva garante o Palmeiras na semifinal da Libertadores Feminina"},"content":{"rendered":"<p>Com um gol nos acr\u00e9scimos, o Palmeiras derrotou o Santiago Morning (Chile) de virada por 2 a 1, na noite deste domingo (23) no est\u00e1dio Casa Blanca, em Quito (Equador), e se classificou para as semifinais da Copa Libertadores de futebol feminino.<img decoding=\"async\" src=\"https:\/\/agenciabrasil.ebc.com.br\/ebc.png?id=1489741&amp;o=node\" \/><img decoding=\"async\" src=\"https:\/\/agenciabrasil.ebc.com.br\/ebc.gif?id=1489741&amp;o=node\" \/><\/p>\n<p>Ap\u00f3s um primeiro tempo sem gols, a equipe chilena abriu o placar aos 26 minutos do segundo tempo com Acu\u00f1a. Dez minutos depois Katrine empatou ao pegar um rebote para acertar uma bomba de dentro da \u00e1rea. A partida parecia seguir para a disputa de p\u00eanaltis at\u00e9 que, aos 50 minutos, Day Silva fez o gol que garantiu a classifica\u00e7\u00e3o das Palestrinas.<\/p>\n<p>As brasileiras voltam a entrar em campo pela competi\u00e7\u00e3o a partir das 19h (hor\u00e1rio de Bras\u00edlia) da pr\u00f3xima quarta-feira (26), quando medir\u00e3o for\u00e7as com o Am\u00e9rica de Cali (Col\u00f4mbia).<\/p>\n<p><span style=\"font-weight: 400;\"><br \/>\n<\/span><span style=\"font-weight: 400;\">Fonte: Ag\u00eancia Brasil <\/span><\/p>\n","protected":false},"excerpt":{"rendered":"<p>Com um gol nos acr\u00e9scimos, o Palmeiras derrotou o Santiago Morning (Chile) de virada por 2 a 1, na noite deste domingo (23) no est\u00e1dio Casa Blanca, em Quito (Equador), e se classificou para as semifinais da Copa Libertadores de futebol feminino. Ap\u00f3s um primeiro tempo sem gols, a equipe chilena abriu o placar aos [&hellip;]<\/p>\n","protected":false},"author":246,"featured_media":205814,"comment_status":"closed","ping_status":"closed","sticky":false,"template":"","format":"standard","meta":{"footnotes":""},"categories":[436,257,439],"tags":[],"class_list":["post-205813","post","type-post","status-publish","format-standard","has-post-thumbnail","hentry","category-destaque-da-semana","category-esporte","category-ultima-hora"],"_links":{"self":[{"href":"https:\/\/diarioregionaldigital.com.br\/index.php?rest_route=\/wp\/v2\/posts\/205813","targetHints":{"allow":["GET"]}}],"collection":[{"href":"https:\/\/diarioregionaldigital.com.br\/index.php?rest_route=\/wp\/v2\/posts"}],"about":[{"href":"https:\/\/diarioregionaldigital.com.br\/index.php?rest_route=\/wp\/v2\/types\/post"}],"author":[{"embeddable":true,"href":"https:\/\/diarioregionaldigital.com.br\/index.php?rest_route=\/wp\/v2\/users\/246"}],"replies":[{"embeddable":true,"href":"https:\/\/diarioregionaldigital.com.br\/index.php?rest_route=%2Fwp%2Fv2%2Fcomments&post=205813"}],"version-history":[{"count":1,"href":"https:\/\/diarioregionaldigital.com.br\/index.php?rest_route=\/wp\/v2\/posts\/205813\/revisions"}],"predecessor-version":[{"id":205815,"href":"https:\/\/diarioregionaldigital.com.br\/index.php?rest_route=\/wp\/v2\/posts\/205813\/revisions\/205815"}],"wp:featuredmedia":[{"embeddable":true,"href":"https:\/\/diarioregionaldigital.com.br\/index.php?rest_route=\/wp\/v2\/media\/205814"}],"wp:attachment":[{"href":"https:\/\/diarioregionaldigital.com.br\/index.php?rest_route=%2Fwp%2Fv2%2Fmedia&parent=205813"}],"wp:term":[{"taxonomy":"category","embeddable":true,"href":"https:\/\/diarioregionaldigital.com.br\/index.php?rest_route=%2Fwp%2Fv2%2Fcategories&post=205813"},{"taxonomy":"post_tag","embeddable":true,"href":"https:\/\/diarioregionaldigital.com.br\/index.php?rest_route=%2Fwp%2Fv2%2Ftags&post=205813"}],"curies":[{"name":"wp","href":"https:\/\/api.w.org\/{rel}","templated":true}]}}