{"id":205810,"date":"2022-10-24T21:21:50","date_gmt":"2022-10-25T00:21:50","guid":{"rendered":"https:\/\/diarioregionaldigital.com.br\/?p=205810"},"modified":"2022-10-24T21:21:50","modified_gmt":"2022-10-25T00:21:50","slug":"stefani-e-campea-de-duplas-do-wta-de-guadalajara-e-salta-no-ranking","status":"publish","type":"post","link":"https:\/\/diarioregionaldigital.com.br\/?p=205810","title":{"rendered":"Stefani \u00e9 campe\u00e3 de duplas do WTA de Guadalajara e salta no ranking"},"content":{"rendered":"<p>A brasileira Luisa Stefani faturou na madrugada desta segunda-feira (24) o t\u00edtulo de duplas do WTA 1000 de Guadalajara, ao lado da australiana Storm Sanders, e de quebra saltou 162 posi\u00e7\u00f5es no ranking mundial: agora \u00e9 a 55\u00aa colocada. Medalhista de bronze na Olimp\u00edada de T\u00f3quio, a paulista de 25 anos derrotou na final a parceria da compatriota Bia Haddad, \u00a0com a cazaque Anna Danilina, por 2 sets a 1 (7\/6 (7-4), 6\/7 (2-7) e 10\/8. \u00c9 o segundo t\u00edtulo de Stefani, ap\u00f3s retorno \u00e0s quadras em setembro.<img decoding=\"async\" src=\"https:\/\/agenciabrasil.ebc.com.br\/ebc.png?id=1489793&amp;o=node\" \/><img decoding=\"async\" src=\"https:\/\/agenciabrasil.ebc.com.br\/ebc.gif?id=1489793&amp;o=node\" \/><\/p>\n<p>&#8220;Foi muito divertido jogar na frente de voc\u00eas a semana toda. Bia e Anna\u00a0tiveram uma grande semana, se garantiram no Finals, incr\u00edvel feito. Bia \u00e9 uma grande inspira\u00e7\u00e3o ao t\u00eanis brasileiro e para mim. N\u00e3o \u00e9 a primeira vez que fico orgulhosa dela, do que vem fazendo e levando o t\u00eanis brasileiro a um n\u00edvel mais alto. Quero agradecer a Storm pelas duas semanas no come\u00e7o de meu retorno, confiou em mim, estou orgulhosa de n\u00f3s\u201d, disse Stefani, ap\u00f3s levantar o trof\u00e9u ao lado de Storm.<\/p>\n<p>Stefani voltou a competir no m\u00eas passado, ap\u00f3s quase um ano de recupera\u00e7\u00e3o de uma cirurgia no joelho direito. Ela se lesionou quando disputava a semifinal do US Open \u2013 na \u00e9poca Stefani era a n\u00famero 12 do mundo. No retorno \u00e0s quadras, no WTA 250 de Chennai (\u00cdndia), a brasileira conquistou o t\u00edtulo de duplas, ao lado canadense Gabriela Dabrowski, parceira frequente de Stefani, com a qual ganhou ano passado o WTA 1000 de Montreal (Canad\u00e1).<\/p>\n<p>A paulista soma ainda t\u00edtulos ao lado da norte-americana Hayley Carter: o WTA de\u00a0Lexington (Estados Unidos), em 2020, e o WTA de Tashkent (Uzbequist\u00e3o), em 2019.<\/p>\n<p><span style=\"font-weight: 400;\"><br \/>\n<\/span><span style=\"font-weight: 400;\">Fonte: Ag\u00eancia Brasil\u00a0<\/span><span style=\"font-weight: 400;\"><br \/>\n<\/span><\/p>\n","protected":false},"excerpt":{"rendered":"<p>A brasileira Luisa Stefani faturou na madrugada desta segunda-feira (24) o t\u00edtulo de duplas do WTA 1000 de Guadalajara, ao lado da australiana Storm Sanders, e de quebra saltou 162 posi\u00e7\u00f5es no ranking mundial: agora \u00e9 a 55\u00aa colocada. Medalhista de bronze na Olimp\u00edada de T\u00f3quio, a paulista de 25 anos derrotou na final a [&hellip;]<\/p>\n","protected":false},"author":246,"featured_media":205811,"comment_status":"closed","ping_status":"closed","sticky":false,"template":"","format":"standard","meta":{"footnotes":""},"categories":[436,257,439],"tags":[],"class_list":["post-205810","post","type-post","status-publish","format-standard","has-post-thumbnail","hentry","category-destaque-da-semana","category-esporte","category-ultima-hora"],"_links":{"self":[{"href":"https:\/\/diarioregionaldigital.com.br\/index.php?rest_route=\/wp\/v2\/posts\/205810","targetHints":{"allow":["GET"]}}],"collection":[{"href":"https:\/\/diarioregionaldigital.com.br\/index.php?rest_route=\/wp\/v2\/posts"}],"about":[{"href":"https:\/\/diarioregionaldigital.com.br\/index.php?rest_route=\/wp\/v2\/types\/post"}],"author":[{"embeddable":true,"href":"https:\/\/diarioregionaldigital.com.br\/index.php?rest_route=\/wp\/v2\/users\/246"}],"replies":[{"embeddable":true,"href":"https:\/\/diarioregionaldigital.com.br\/index.php?rest_route=%2Fwp%2Fv2%2Fcomments&post=205810"}],"version-history":[{"count":1,"href":"https:\/\/diarioregionaldigital.com.br\/index.php?rest_route=\/wp\/v2\/posts\/205810\/revisions"}],"predecessor-version":[{"id":205812,"href":"https:\/\/diarioregionaldigital.com.br\/index.php?rest_route=\/wp\/v2\/posts\/205810\/revisions\/205812"}],"wp:featuredmedia":[{"embeddable":true,"href":"https:\/\/diarioregionaldigital.com.br\/index.php?rest_route=\/wp\/v2\/media\/205811"}],"wp:attachment":[{"href":"https:\/\/diarioregionaldigital.com.br\/index.php?rest_route=%2Fwp%2Fv2%2Fmedia&parent=205810"}],"wp:term":[{"taxonomy":"category","embeddable":true,"href":"https:\/\/diarioregionaldigital.com.br\/index.php?rest_route=%2Fwp%2Fv2%2Fcategories&post=205810"},{"taxonomy":"post_tag","embeddable":true,"href":"https:\/\/diarioregionaldigital.com.br\/index.php?rest_route=%2Fwp%2Fv2%2Ftags&post=205810"}],"curies":[{"name":"wp","href":"https:\/\/api.w.org\/{rel}","templated":true}]}}