{"id":205807,"date":"2022-10-24T21:19:23","date_gmt":"2022-10-25T00:19:23","guid":{"rendered":"https:\/\/diarioregionaldigital.com.br\/?p=205807"},"modified":"2022-10-24T21:19:23","modified_gmt":"2022-10-25T00:19:23","slug":"maicon-andrade-e-bicampeao-em-grand-prix-de-taekwondo-na-inglaterra","status":"publish","type":"post","link":"https:\/\/diarioregionaldigital.com.br\/?p=205807","title":{"rendered":"Maicon Andrade \u00e9 bicampe\u00e3o em Grand Prix de Taekwondo, na Inglaterra"},"content":{"rendered":"<p>Tr\u00eas anos ap\u00f3s conquistar o primeiro ouro do Brasil em um Grand Prix de Taekwondo, em Sofia (Bulg\u00e1ria), o mineiro Maicon Andrade repetiu a fa\u00e7anha. Desta vez, o lutador de 29 anos, subiu no degrau mais alto do p\u00f3dio na edi\u00e7\u00e3o do torneio em Manchester (Inglaterra) no domingo (23), ap\u00f3s derrotar o anfitri\u00e3o Caden Cuningham, na final da categoria acima dos 80 quilos.<img decoding=\"async\" src=\"https:\/\/agenciabrasil.ebc.com.br\/ebc.png?id=1489850&amp;o=node\" \/><img decoding=\"async\" src=\"https:\/\/agenciabrasil.ebc.com.br\/ebc.gif?id=1489850&amp;o=node\" \/><\/p>\n<blockquote><p>\u201cEstou muito feliz e emocionado com esta conquista [ o bicampeonato]. Obrigado Deus por mais uma vez poder representar o meu pa\u00eds e defend\u00ea-lo contra toda as outras na\u00e7\u00f5es. Minha maior honra \u00e9 levar meu Brasil no peito\u201d, disse o lutador em\u00a0<a href=\"https:\/\/www.instagram.com\/p\/CkElDcfjoeS\/\">postagem no Instagram<\/a>.<\/p><\/blockquote>\n<p>Antes da disputa do ouro, Maicon venceu outros quatro advers\u00e1rios. Na estreia levou a melhor Lee Meng-en e, nas\u00a0 oitavas, superou o sul-coreano Kang Yeon Ho. Depois, nas quartas o brasileiro \u2013 bronze na Olimp\u00edada Rio 2026 &#8211; \u00a0levou a melhor sobre o mexicano Bryan Salazar.<\/p>\n<h2>Outros resultados<\/h2>\n<p>L\u00edder do ranking mundial \u00cdcaro Miguel se despediu do Grand Prix de Manchester nas quartas de final, ap\u00f3s perder a luta para Cuningham, de 19 anos, que mais tarde disputaria a final contra o compatriota Maicon.<\/p>\n<p>Quem tamb\u00e9m representou o Brasil foi Gabriele Siqueira (acima de 67 kg), que estreou com derrota para Crystal Weeks (Porto\u00a0 Rico).<\/p>\n<p><span style=\"font-weight: 400;\"><br \/>\n<\/span><span style=\"font-weight: 400;\">Fonte: Ag\u00eancia Brasil <\/span><\/p>\n","protected":false},"excerpt":{"rendered":"<p>Tr\u00eas anos ap\u00f3s conquistar o primeiro ouro do Brasil em um Grand Prix de Taekwondo, em Sofia (Bulg\u00e1ria), o mineiro Maicon Andrade repetiu a fa\u00e7anha. Desta vez, o lutador de 29 anos, subiu no degrau mais alto do p\u00f3dio na edi\u00e7\u00e3o do torneio em Manchester (Inglaterra) no domingo (23), ap\u00f3s derrotar o anfitri\u00e3o Caden Cuningham, [&hellip;]<\/p>\n","protected":false},"author":246,"featured_media":205808,"comment_status":"closed","ping_status":"closed","sticky":false,"template":"","format":"standard","meta":{"footnotes":""},"categories":[436,257,439],"tags":[],"class_list":["post-205807","post","type-post","status-publish","format-standard","has-post-thumbnail","hentry","category-destaque-da-semana","category-esporte","category-ultima-hora"],"_links":{"self":[{"href":"https:\/\/diarioregionaldigital.com.br\/index.php?rest_route=\/wp\/v2\/posts\/205807","targetHints":{"allow":["GET"]}}],"collection":[{"href":"https:\/\/diarioregionaldigital.com.br\/index.php?rest_route=\/wp\/v2\/posts"}],"about":[{"href":"https:\/\/diarioregionaldigital.com.br\/index.php?rest_route=\/wp\/v2\/types\/post"}],"author":[{"embeddable":true,"href":"https:\/\/diarioregionaldigital.com.br\/index.php?rest_route=\/wp\/v2\/users\/246"}],"replies":[{"embeddable":true,"href":"https:\/\/diarioregionaldigital.com.br\/index.php?rest_route=%2Fwp%2Fv2%2Fcomments&post=205807"}],"version-history":[{"count":1,"href":"https:\/\/diarioregionaldigital.com.br\/index.php?rest_route=\/wp\/v2\/posts\/205807\/revisions"}],"predecessor-version":[{"id":205809,"href":"https:\/\/diarioregionaldigital.com.br\/index.php?rest_route=\/wp\/v2\/posts\/205807\/revisions\/205809"}],"wp:featuredmedia":[{"embeddable":true,"href":"https:\/\/diarioregionaldigital.com.br\/index.php?rest_route=\/wp\/v2\/media\/205808"}],"wp:attachment":[{"href":"https:\/\/diarioregionaldigital.com.br\/index.php?rest_route=%2Fwp%2Fv2%2Fmedia&parent=205807"}],"wp:term":[{"taxonomy":"category","embeddable":true,"href":"https:\/\/diarioregionaldigital.com.br\/index.php?rest_route=%2Fwp%2Fv2%2Fcategories&post=205807"},{"taxonomy":"post_tag","embeddable":true,"href":"https:\/\/diarioregionaldigital.com.br\/index.php?rest_route=%2Fwp%2Fv2%2Ftags&post=205807"}],"curies":[{"name":"wp","href":"https:\/\/api.w.org\/{rel}","templated":true}]}}