{"id":205804,"date":"2022-10-24T21:05:58","date_gmt":"2022-10-25T00:05:58","guid":{"rendered":"https:\/\/diarioregionaldigital.com.br\/?p=205804"},"modified":"2022-10-24T21:05:58","modified_gmt":"2022-10-25T00:05:58","slug":"tse-manda-apagar-posts-sobre-suposto-apoio-de-bolsonaro-a-jefferson","status":"publish","type":"post","link":"https:\/\/diarioregionaldigital.com.br\/?p=205804","title":{"rendered":"TSE manda apagar posts sobre suposto apoio de Bolsonaro a Jefferson"},"content":{"rendered":"<p>O presidente do Tribunal Superior Eleitoral (TSE), ministro Alexandre de Moraes, mandou apagar\u00a0<em>posts<\/em>\u00a0em redes sociais do deputado Andr\u00e9 Janones (Avante-MG), segundo os quais o presidente Jair Bolsonaro teria manifestado apoio aos atos de Roberto Jefferson. Ontem (23), o ex-deputado\u00a0<a href=\"https:\/\/agenciabrasil.ebc.com.br\/politica\/noticia\/2022-10\/roberto-jefferson-reage-prisao-e-estilhacos-atingem-policiais\" target=\"_blank\" rel=\"noopener\">resistiu \u00e0 pris\u00e3o e atirou<\/a>\u00a0contra policiais federais.<img decoding=\"async\" src=\"https:\/\/agenciabrasil.ebc.com.br\/ebc.png?id=1489797&amp;o=node\" \/><img decoding=\"async\" src=\"https:\/\/agenciabrasil.ebc.com.br\/ebc.gif?id=1489797&amp;o=node\" \/><\/p>\n<p>Moraes atendeu a pedido da campanha de Bolsonaro e assinou a decis\u00e3o ainda na noite de domingo.<\/p>\n<p>As publica\u00e7\u00f5es nos perfis de Janones dizem ainda que Jefferson seria coordenador de campanha de Bolsonaro, que tenta a reelei\u00e7\u00e3o. O presidente nega a informa\u00e7\u00e3o.<\/p>\n<p>Na decis\u00e3o, Moraes escreveu que os\u00a0<em>posts<\/em>\u00a0\u201cse descolam da realidade, por meio de inverdades e suposi\u00e7\u00f5es, fazendo uso de recortes e encadeamentos inexistentes, com o intuito de induzir o eleitorado negativamente, a crer que Roberto Jefferson seria o coordenador de campanha de Jair Messias Bolsonaro e que o candidato teria manifestado apoio aos atos criminosos cometidos na data de hoje [domingo]\u201d.<\/p>\n<p>O ministro determinou que as plataformas Twitter e Instagram apaguem as publica\u00e7\u00f5es de Janones em duas horas ap\u00f3s receberam notifica\u00e7\u00e3o, sob pena de multa de R$ 100 mil. O deputado tamb\u00e9m n\u00e3o pode mais publicar as informa\u00e7\u00f5es derrubadas, ficando sujeito a multa no mesmo valor em caso de descumprimento.<\/p>\n<p>Ap\u00f3s a pris\u00e3o de Jefferson, na noite de ontem, Bolsonaro publicou um v\u00eddeo em que chama o ex-deputado de bandido. \u201cComo determinei ao ministro da Justi\u00e7a, Anderson Torres, Roberto Jefferson acaba de ser preso. O tratamento dispensado a quem atira em policial \u00e9 o de bandido. Presto minha solidariedade aos policiais feridos no epis\u00f3dio\u201d.<\/p>\n<p>Os policiais atingidos por estilha\u00e7os &#8211; o delegado Marcelo Vilella e a agente Karina Oliveira &#8211; tiveram ferimentos leves e passam bem ap\u00f3s receberem atendimento hospitalar, segundo a Pol\u00edcia Federal (PF).<\/p>\n<p><span style=\"font-weight: 400;\">Fonte: Ag\u00eancia Brasil <\/span><\/p>\n","protected":false},"excerpt":{"rendered":"<p>O presidente do Tribunal Superior Eleitoral (TSE), ministro Alexandre de Moraes, mandou apagar\u00a0posts\u00a0em redes sociais do deputado Andr\u00e9 Janones (Avante-MG), segundo os quais o presidente Jair Bolsonaro teria manifestado apoio aos atos de Roberto Jefferson. Ontem (23), o ex-deputado\u00a0resistiu \u00e0 pris\u00e3o e atirou\u00a0contra policiais federais. Moraes atendeu a pedido da campanha de Bolsonaro e assinou [&hellip;]<\/p>\n","protected":false},"author":246,"featured_media":205805,"comment_status":"closed","ping_status":"closed","sticky":false,"template":"","format":"standard","meta":{"footnotes":""},"categories":[436,254,439],"tags":[],"class_list":["post-205804","post","type-post","status-publish","format-standard","has-post-thumbnail","hentry","category-destaque-da-semana","category-politica","category-ultima-hora"],"_links":{"self":[{"href":"https:\/\/diarioregionaldigital.com.br\/index.php?rest_route=\/wp\/v2\/posts\/205804","targetHints":{"allow":["GET"]}}],"collection":[{"href":"https:\/\/diarioregionaldigital.com.br\/index.php?rest_route=\/wp\/v2\/posts"}],"about":[{"href":"https:\/\/diarioregionaldigital.com.br\/index.php?rest_route=\/wp\/v2\/types\/post"}],"author":[{"embeddable":true,"href":"https:\/\/diarioregionaldigital.com.br\/index.php?rest_route=\/wp\/v2\/users\/246"}],"replies":[{"embeddable":true,"href":"https:\/\/diarioregionaldigital.com.br\/index.php?rest_route=%2Fwp%2Fv2%2Fcomments&post=205804"}],"version-history":[{"count":1,"href":"https:\/\/diarioregionaldigital.com.br\/index.php?rest_route=\/wp\/v2\/posts\/205804\/revisions"}],"predecessor-version":[{"id":205806,"href":"https:\/\/diarioregionaldigital.com.br\/index.php?rest_route=\/wp\/v2\/posts\/205804\/revisions\/205806"}],"wp:featuredmedia":[{"embeddable":true,"href":"https:\/\/diarioregionaldigital.com.br\/index.php?rest_route=\/wp\/v2\/media\/205805"}],"wp:attachment":[{"href":"https:\/\/diarioregionaldigital.com.br\/index.php?rest_route=%2Fwp%2Fv2%2Fmedia&parent=205804"}],"wp:term":[{"taxonomy":"category","embeddable":true,"href":"https:\/\/diarioregionaldigital.com.br\/index.php?rest_route=%2Fwp%2Fv2%2Fcategories&post=205804"},{"taxonomy":"post_tag","embeddable":true,"href":"https:\/\/diarioregionaldigital.com.br\/index.php?rest_route=%2Fwp%2Fv2%2Ftags&post=205804"}],"curies":[{"name":"wp","href":"https:\/\/api.w.org\/{rel}","templated":true}]}}