{"id":205801,"date":"2022-10-24T21:01:44","date_gmt":"2022-10-25T00:01:44","guid":{"rendered":"https:\/\/diarioregionaldigital.com.br\/?p=205801"},"modified":"2022-10-24T21:01:44","modified_gmt":"2022-10-25T00:01:44","slug":"ex-deputado-roberto-jefferson-esta-preso-em-benfica","status":"publish","type":"post","link":"https:\/\/diarioregionaldigital.com.br\/?p=205801","title":{"rendered":"Ex-deputado Roberto Jefferson est\u00e1 preso em Benfica"},"content":{"rendered":"<p>O ex-deputado federal Roberto Jefferson est\u00e1 preso no Pres\u00eddio Jos\u00e9 Frederico Marques, tamb\u00e9m conhecido como cadeia de Benfica, na zona norte do Rio<span id=\"OBJ_PREFIX_DWT152_com_zimbra_date\" role=\"link\">\u00a0de Janeiro<\/span>. O ex-parlamentar, que estava em pris\u00e3o domiciliar, teve que retornar ao sistema penitenci\u00e1rio por decis\u00e3o do Supremo Tribunal Federal (STF).<img decoding=\"async\" src=\"https:\/\/agenciabrasil.ebc.com.br\/ebc.png?id=1489757&amp;o=node\" \/><img decoding=\"async\" src=\"https:\/\/agenciabrasil.ebc.com.br\/ebc.gif?id=1489757&amp;o=node\" \/><\/p>\n<p>O ministro do STF Alexandre de Moraes decidiu que Jefferson deveria voltar \u00e0 pris\u00e3o preventiva pelo descumprimento de\u00a0medidas cautelares impostas, como n\u00e3o postar nas redes sociais. Na \u00faltima\u00a0<span id=\"OBJ_PREFIX_DWT153_com_zimbra_date\" role=\"link\">sexta<\/span>-feira (21), em v\u00eddeo publicado na internet, Jefferson atacou a ministra C\u00e1rmen L\u00facia, referindo-se a ela com palavras grosseiras.<\/p>\n<p>Durante o cumprimento da decis\u00e3o do STF\u00a0<span id=\"OBJ_PREFIX_DWT154_com_zimbra_date\" role=\"link\">ontem<\/span>\u00a0(23), na casa de Jefferson, em Levy Gasparian, no interior do estado, o ex-parlamentar reagiu \u00e0 pris\u00e3o, lan\u00e7ando uma granada e atirando contra a equipe da Pol\u00edcia Federal (PF).<\/p>\n<p>Dois policiais\u00a0foram atingidos por\u00a0estilha\u00e7os da granada lan\u00e7ada por Jefferson e tiveram ferimentos leves.<\/p>\n<p>O mandado de pris\u00e3o s\u00f3 foi conclu\u00eddo \u00e0 noite, depois de uma intensa negocia\u00e7\u00e3o entre a PF e o ex-deputado. Al\u00e9m do cumprimento do mandado do STF, a PF\u00a0prendeu Roberto Jefferson em flagrante por tentativa de homic\u00eddio, segundo nota divulgada pela pol\u00edcia.<\/p>\n<p>Antes de ser encaminhado \u00e0 cadeia de Benfica, Jefferson foi levado inicialmente \u00e0 Superintend\u00eancia da PF no Rio<span id=\"OBJ_PREFIX_DWT155_com_zimbra_date\" role=\"link\">\u00a0de Janeiro<\/span>\u00a0para a lavratura do auto de pris\u00e3o em flagrante e outras formalidades referentes ao cumprimento do mandado de pris\u00e3o.<\/p>\n<p>\u201cA Pol\u00edcia Federal reafirma que agiu com toda a t\u00e9cnica e protocolos exigidos para a resolu\u00e7\u00e3o de crises, culminando com a rendi\u00e7\u00e3o do preso\u201d, informa nota da PF.<\/p>\n<p>Segundo a Secretaria Estadual de Administra\u00e7\u00e3o Penitenci\u00e1ria do Rio (Seap), Roberto Jefferson participar\u00e1, ainda\u00a0<span id=\"OBJ_PREFIX_DWT156_com_zimbra_date\" role=\"link\">hoje<\/span>, de uma audi\u00eancia de cust\u00f3dia.<\/p>\n<p>O ministro Alexandre de Moraes publicou, na noite de ontem, uma nota em seu perfil no Twitter em que se solidariza com os policiais feridos. \u201cParab\u00e9ns pelo competente e profissional trabalho da Pol\u00edcia Federal, orgulho de todos n\u00f3s brasileiros e brasileiras. Inadmiss\u00edvel qualquer agress\u00e3o contra os policiais. Me solidarizo com a agente Karina Oliveira e com o delegado Marcelo Vilella que foram, covardemente, feridos\u201d.<\/p>\n<p>O presidente da Rep\u00fablica, Jair Bolsonaro, inicialmente publicou um texto no Twitter repudiando a postura de Jefferson, em rela\u00e7\u00e3o a C\u00e1rmen L\u00facia e \u00e0 sua a\u00e7\u00e3o armada contra os policiais, mas tamb\u00e9m criticando a exist\u00eancia do que ele chamou de \u201cinqu\u00e9ritos sem nenhum respaldo na Constitui\u00e7\u00e3o e sem a atua\u00e7\u00e3o do MP&#8221;.<\/p>\n<p>Mais tarde, Bolsonaro publicou um v\u00eddeo em que chama o ex-deputado de bandido. \u201cComo determinei ao ministro da Justi\u00e7a, Anderson Torres, Roberto Jefferson acaba de ser preso. O tratamento dispensado a quem atira em policial \u00e9 o de bandido. Presto minha solidariedade aos policiais feridos no epis\u00f3dio\u201d.<\/p>\n<p>O ministro da Justi\u00e7a tamb\u00e9m publicou um v\u00eddeo nas redes sociais do minist\u00e9rio, em que classifica a rea\u00e7\u00e3o de Jefferson \u00e0 pris\u00e3o como \u201cum grave epis\u00f3dio\u201d. \u201cEsse epis\u00f3dio motivou nossa vinda at\u00e9 aqui, \u00e0 Delegacia de Juiz de Fora da Pol\u00edcia Federal para acompanhar os trabalhos e para ver o desdobramento desses fatos. Realmente fatos graves que nos chamam a aten\u00e7\u00e3o. Nesse momento, gostaria de me solidarizar com os policiais federais machucados nesse evento. Gra\u00e7as a Deus, todos est\u00e3o bem\u201d, disse.<\/p>\n<p>O ministro, que chama Jefferson de \u201cinfrator\u201d, tamb\u00e9m se solidarizou com a ministra C\u00e1rmen L\u00facia pelos ataques verbais que ela sofreu do ex-deputado.<\/p>\n<p>Tamb\u00e9m por meio das redes sociais, o candidato do PT \u00e0 Presid\u00eancia da Rep\u00fablica, Luiz In\u00e1cio Lula da Silva, disse que as ofensas contra C\u00e1rmen L\u00facia n\u00e3o podem ser aceitas por ningu\u00e9m que respeita a democracia. &#8220;Criaram na sociedade uma parcela violenta. Uma m\u00e1quina de destrui\u00e7\u00e3o de valores democr\u00e1ticos. Isso gera o comportamento como o que vimos hoje&#8221;.<\/p>\n<p>&#8220;Minha solidariedade ao delegado Marcelo Vilella e \u00e0\u00a0policial Karina Lino Miranda de Oliveira, feridos quando estavam apenas exercendo seu dever. Torcendo pela r\u00e1pida recupera\u00e7\u00e3o&#8221;, completou.<\/p>\n<p><span style=\"font-weight: 400;\">Fonte: Ag\u00eancia Brasil <\/span><\/p>\n","protected":false},"excerpt":{"rendered":"<p>O ex-deputado federal Roberto Jefferson est\u00e1 preso no Pres\u00eddio Jos\u00e9 Frederico Marques, tamb\u00e9m conhecido como cadeia de Benfica, na zona norte do Rio\u00a0de Janeiro. O ex-parlamentar, que estava em pris\u00e3o domiciliar, teve que retornar ao sistema penitenci\u00e1rio por decis\u00e3o do Supremo Tribunal Federal (STF). O ministro do STF Alexandre de Moraes decidiu que Jefferson deveria [&hellip;]<\/p>\n","protected":false},"author":246,"featured_media":205802,"comment_status":"closed","ping_status":"closed","sticky":false,"template":"","format":"standard","meta":{"footnotes":""},"categories":[436,254,439],"tags":[],"class_list":["post-205801","post","type-post","status-publish","format-standard","has-post-thumbnail","hentry","category-destaque-da-semana","category-politica","category-ultima-hora"],"_links":{"self":[{"href":"https:\/\/diarioregionaldigital.com.br\/index.php?rest_route=\/wp\/v2\/posts\/205801","targetHints":{"allow":["GET"]}}],"collection":[{"href":"https:\/\/diarioregionaldigital.com.br\/index.php?rest_route=\/wp\/v2\/posts"}],"about":[{"href":"https:\/\/diarioregionaldigital.com.br\/index.php?rest_route=\/wp\/v2\/types\/post"}],"author":[{"embeddable":true,"href":"https:\/\/diarioregionaldigital.com.br\/index.php?rest_route=\/wp\/v2\/users\/246"}],"replies":[{"embeddable":true,"href":"https:\/\/diarioregionaldigital.com.br\/index.php?rest_route=%2Fwp%2Fv2%2Fcomments&post=205801"}],"version-history":[{"count":1,"href":"https:\/\/diarioregionaldigital.com.br\/index.php?rest_route=\/wp\/v2\/posts\/205801\/revisions"}],"predecessor-version":[{"id":205803,"href":"https:\/\/diarioregionaldigital.com.br\/index.php?rest_route=\/wp\/v2\/posts\/205801\/revisions\/205803"}],"wp:featuredmedia":[{"embeddable":true,"href":"https:\/\/diarioregionaldigital.com.br\/index.php?rest_route=\/wp\/v2\/media\/205802"}],"wp:attachment":[{"href":"https:\/\/diarioregionaldigital.com.br\/index.php?rest_route=%2Fwp%2Fv2%2Fmedia&parent=205801"}],"wp:term":[{"taxonomy":"category","embeddable":true,"href":"https:\/\/diarioregionaldigital.com.br\/index.php?rest_route=%2Fwp%2Fv2%2Fcategories&post=205801"},{"taxonomy":"post_tag","embeddable":true,"href":"https:\/\/diarioregionaldigital.com.br\/index.php?rest_route=%2Fwp%2Fv2%2Ftags&post=205801"}],"curies":[{"name":"wp","href":"https:\/\/api.w.org\/{rel}","templated":true}]}}