{"id":205795,"date":"2022-10-24T20:58:32","date_gmt":"2022-10-24T23:58:32","guid":{"rendered":"https:\/\/diarioregionaldigital.com.br\/?p=205795"},"modified":"2022-10-24T20:58:32","modified_gmt":"2022-10-24T23:58:32","slug":"bolsonaro-quer-extincao-do-orcamento-secreto-em-proximo-mandato","status":"publish","type":"post","link":"https:\/\/diarioregionaldigital.com.br\/?p=205795","title":{"rendered":"Bolsonaro quer extin\u00e7\u00e3o do or\u00e7amento secreto em pr\u00f3ximo mandato"},"content":{"rendered":"<p>O candidato \u00e0 reelei\u00e7\u00e3o \u00e0 Presid\u00eancia da Rep\u00fablica pelo PL, Jair Bolsonaro, afirmou que pretende negociar a extin\u00e7\u00e3o do chamado or\u00e7amento secreto em um pr\u00f3ximo mandato. Ele foi entrevistado, na tarde desta segunda-feira (24), pelo portal Metr\u00f3poles.<img decoding=\"async\" src=\"https:\/\/agenciabrasil.ebc.com.br\/ebc.png?id=1489900&amp;o=node\" \/><img decoding=\"async\" src=\"https:\/\/agenciabrasil.ebc.com.br\/ebc.gif?id=1489900&amp;o=node\" \/><\/p>\n<p>\u201cEsse tal or\u00e7amento, que alguns chamam de secreto, tirou poder de mim. No passado, eu liberava emendas. Agora passou a ser impositivo. E o dono da caneta, dono de R$ 16 bilh\u00f5es, \u00e9 o relator. O verdadeiro dono desse or\u00e7amento n\u00e3o sou eu, \u00e9 o parlamento brasileiro. Com um novo parlamento, muito mais para o centro-direita, eu pretendo negociar, o ano que vem, se eu for reeleito, a extin\u00e7\u00e3o desse dito or\u00e7amento secreto. \u00c9 um desgaste para todo mundo e quem est\u00e1 pagando a conta sou eu\u201d, disse o presidente.<\/p>\n<p>Perguntado sobre como seria essa negocia\u00e7\u00e3o com o Congresso, para reduzir ou extinguir o or\u00e7amento secreto, Bolsonaro disse que vai dialogar com as lideran\u00e7as pol\u00edticas.<\/p>\n<p>\u201cVamos negociar com o parlamento at\u00e9 que ponto n\u00f3s podemos discutir quem vai liberar esse recurso. No momento \u00e9 uma pessoa, um deputado federal num ano, um senador no outro, que tem mais poder do que eu. O meu or\u00e7amento \u00e9 completamente engessado. Hoje em dia, um deputado federal ou um senador passou a ser o dono da fun\u00e7\u00e3o mais importante do Brasil. Isto n\u00e3o \u00e9 justo. Se procurar, atrav\u00e9s da LAI [Lei de Acesso da Informa\u00e7\u00e3o], voc\u00eas v\u00e3o ver certos nomes enviando R$ 200, R$ 300, R$ 400, R$ 500 milh\u00f5es para o seu estado. N\u00e3o sabemos ao certo para onde vai esse recurso. A CGU [Controladoria Geral da Uni\u00e3o] faz esse acompanhamento\u201d, explicou.<\/p>\n<p>O presidente admitiu que a atual sistem\u00e1tica or\u00e7ament\u00e1ria retirou poderes do Executivo e que ele vai negociar ou, se n\u00e3o for poss\u00edvel, vetar a destina\u00e7\u00e3o de verbas, contando para isso com uma composi\u00e7\u00e3o pol\u00edtica mais favor\u00e1vel.<\/p>\n<p>\u201cEu n\u00e3o posso continuar perdendo poderes. Os parlamentares j\u00e1 t\u00eam, aproximadamente, R$ 15 milh\u00f5es por ano pelas emendas impositivas. Tem muito recurso bem direcionado, mas eu n\u00e3o quero continuar perdendo poder, como perdi. Buscando altera\u00e7\u00e3o na feitura do or\u00e7amento no ano que vem. Vamos tentar negociar, reduzir esse valor, passar uma parte para mim. Se n\u00e3o for poss\u00edvel, eu vou para o veto. A derrubada do veto vai ser mais dif\u00edcil pelo perfil do novo parlamento\u201d, disse.<\/p>\n<p>Bolsonaro considerou que poder\u00e1 conquistar a vota\u00e7\u00e3o perdida no primeiro turno, quando ficou cerca de 6 milh\u00f5es de votos atr\u00e1s de Luiz In\u00e1cio Lula da Silva, do PT, com a poss\u00edvel desmobiliza\u00e7\u00e3o de eleitores que votaram na esquerda mas n\u00e3o v\u00e3o voltar \u00e0s urnas e tamb\u00e9m com o refor\u00e7o junto ao eleitorado religioso. Segundo o presidente, seus eleitores s\u00e3o bastante fi\u00e9is e devem dar uma forte resposta no domingo (2).<\/p>\n<p><span style=\"font-weight: 400;\">Fonte: Ag\u00eancia Brasil <\/span><\/p>\n","protected":false},"excerpt":{"rendered":"<p>O candidato \u00e0 reelei\u00e7\u00e3o \u00e0 Presid\u00eancia da Rep\u00fablica pelo PL, Jair Bolsonaro, afirmou que pretende negociar a extin\u00e7\u00e3o do chamado or\u00e7amento secreto em um pr\u00f3ximo mandato. Ele foi entrevistado, na tarde desta segunda-feira (24), pelo portal Metr\u00f3poles. \u201cEsse tal or\u00e7amento, que alguns chamam de secreto, tirou poder de mim. No passado, eu liberava emendas. Agora [&hellip;]<\/p>\n","protected":false},"author":246,"featured_media":205796,"comment_status":"closed","ping_status":"closed","sticky":false,"template":"","format":"standard","meta":{"footnotes":""},"categories":[436,440,254,439],"tags":[],"class_list":["post-205795","post","type-post","status-publish","format-standard","has-post-thumbnail","hentry","category-destaque-da-semana","category-destaques-do-dia","category-politica","category-ultima-hora"],"_links":{"self":[{"href":"https:\/\/diarioregionaldigital.com.br\/index.php?rest_route=\/wp\/v2\/posts\/205795","targetHints":{"allow":["GET"]}}],"collection":[{"href":"https:\/\/diarioregionaldigital.com.br\/index.php?rest_route=\/wp\/v2\/posts"}],"about":[{"href":"https:\/\/diarioregionaldigital.com.br\/index.php?rest_route=\/wp\/v2\/types\/post"}],"author":[{"embeddable":true,"href":"https:\/\/diarioregionaldigital.com.br\/index.php?rest_route=\/wp\/v2\/users\/246"}],"replies":[{"embeddable":true,"href":"https:\/\/diarioregionaldigital.com.br\/index.php?rest_route=%2Fwp%2Fv2%2Fcomments&post=205795"}],"version-history":[{"count":1,"href":"https:\/\/diarioregionaldigital.com.br\/index.php?rest_route=\/wp\/v2\/posts\/205795\/revisions"}],"predecessor-version":[{"id":205797,"href":"https:\/\/diarioregionaldigital.com.br\/index.php?rest_route=\/wp\/v2\/posts\/205795\/revisions\/205797"}],"wp:featuredmedia":[{"embeddable":true,"href":"https:\/\/diarioregionaldigital.com.br\/index.php?rest_route=\/wp\/v2\/media\/205796"}],"wp:attachment":[{"href":"https:\/\/diarioregionaldigital.com.br\/index.php?rest_route=%2Fwp%2Fv2%2Fmedia&parent=205795"}],"wp:term":[{"taxonomy":"category","embeddable":true,"href":"https:\/\/diarioregionaldigital.com.br\/index.php?rest_route=%2Fwp%2Fv2%2Fcategories&post=205795"},{"taxonomy":"post_tag","embeddable":true,"href":"https:\/\/diarioregionaldigital.com.br\/index.php?rest_route=%2Fwp%2Fv2%2Ftags&post=205795"}],"curies":[{"name":"wp","href":"https:\/\/api.w.org\/{rel}","templated":true}]}}