{"id":205786,"date":"2022-10-24T20:39:05","date_gmt":"2022-10-24T23:39:05","guid":{"rendered":"https:\/\/diarioregionaldigital.com.br\/?p=205786"},"modified":"2022-10-24T20:39:05","modified_gmt":"2022-10-24T23:39:05","slug":"tcu-da-24-horas-para-caixa-explicar-consignado-do-auxilio-brasil","status":"publish","type":"post","link":"https:\/\/diarioregionaldigital.com.br\/?p=205786","title":{"rendered":"TCU d\u00e1 24 horas para Caixa explicar consignado do Aux\u00edlio Brasil"},"content":{"rendered":"<p>Nas pr\u00f3ximas 24 horas, a Caixa Econ\u00f4mica Federal dever\u00e1 prestar esclarecimentos ao Tribunal de Contas da Uni\u00e3o (TCU) sobre as linhas de cr\u00e9dito consignado do\u00a0<a href=\"https:\/\/agenciabrasil.ebc.com.br\/tags\/auxilio-brasil\" target=\"_blank\" rel=\"noopener\">Aux\u00edlio Brasil<\/a>. A decis\u00e3o foi do ministro Aroldo Cedraz, que orientou o banco a suspender os empr\u00e9stimos at\u00e9 o fim da an\u00e1lise dos documentos.<img decoding=\"async\" src=\"https:\/\/agenciabrasil.ebc.com.br\/ebc.png?id=1489867&amp;o=node\" \/><img decoding=\"async\" src=\"https:\/\/agenciabrasil.ebc.com.br\/ebc.gif?id=1489867&amp;o=node\" \/><\/p>\n<p>\u201cA contar da ci\u00eancia deste despacho, previamente \u00e0 decis\u00e3o quanto ao deferimento ou n\u00e3o da [medida] cautelar, sem preju\u00edzo de que a Caixa, por prud\u00eancia, cesse imediatamente a libera\u00e7\u00e3o de novos valores a partir de empr\u00e9stimos nessa modalidade como medida de zelo com o interesse p\u00fablico, at\u00e9 que este Tribunal examine a documenta\u00e7\u00e3o a ser encaminhada\u201d, escreveu Cedraz no despacho.<\/p>\n<p>A orienta\u00e7\u00e3o de Cedraz n\u00e3o tem efeito obrigat\u00f3rio. A Caixa precisa enviar os documentos em at\u00e9 24 horas, mas pode, se quiser, continuar a operar o cr\u00e9dito consignado do Aux\u00edlio Brasil. A suspens\u00e3o, assim, ficar\u00e1 a crit\u00e9rio do banco.<\/p>\n<p>Segundo Cedraz, o prazo de 24 horas come\u00e7a a contar da ci\u00eancia do despacho, ou seja, quando a Caixa for notificada oficialmente. De acordo com o ministro, o volume de empr\u00e9stimos j\u00e1 concedido e a velocidade de libera\u00e7\u00e3o do cr\u00e9dito justificaram a redu\u00e7\u00e3o do prazo, tradicionalmente em cinco dias \u00fateis.<\/p>\n<p>Entre os documentos que a Caixa dever\u00e1 encaminhar ao TCU est\u00e3o pareceres, notas t\u00e9cnicas, resolu\u00e7\u00f5es e decis\u00f5es colegiadas que tratem sobre precifica\u00e7\u00e3o, crit\u00e9rios de concess\u00e3o, taxas de juros, rentabilidade, inadimpl\u00eancia esperada, aprova\u00e7\u00e3o da linha de cr\u00e9dito relativa ao cr\u00e9dito consignado para benefici\u00e1rios do Aux\u00edlio Brasil e gest\u00e3o de riscos associados \u00e0 opera\u00e7\u00e3o.<\/p>\n<h2>Esclarecimentos<\/h2>\n<p>No despacho, Cedraz esclareceu que n\u00e3o cabe ao TCU analisar os efeitos eleitorais do cr\u00e9dito consignado do Aux\u00edlio Brasil, como havia denunciado o Minist\u00e9rio P\u00fablico de Contas. O ministro afirmou ter encaminhado uma c\u00f3pia do processo ao Tribunal Superior Eleitoral (TSE) para que analise o caso.<\/p>\n<p>Segundo Cedraz, o TCU pode apenas avaliar eventuais irregularidades na gest\u00e3o interna da Caixa. O \u00f3rg\u00e3o analisa se o banco deixou de observar procedimentos operacionais ou de fazer an\u00e1lises de risco essenciais e pr\u00e9vios \u00e0 decis\u00e3o de ofertar o cr\u00e9dito consignado do Aux\u00edlio Brasil.<\/p>\n<h2>Entenda o caso<\/h2>\n<p>No \u00faltimo dia 18, o Minist\u00e9rio P\u00fablico de Contas que atua junto ao TCU\u00a0pediu a suspens\u00e3o do empr\u00e9stimo consignado do Aux\u00edlio Brasil. Segundo a representa\u00e7\u00e3o, feita pelo subprocurador Lucas Furtado, haveria ind\u00edcios de desvio de finalidade e objetivo meramente eleitoral na linha de cr\u00e9dito, com poss\u00edveis preju\u00edzos para a Caixa e os cofres p\u00fablicos. Ele pediu a concess\u00e3o de uma medida cautelar para suspender novas opera\u00e7\u00f5es at\u00e9 que o TCU termine de analisar o caso.<\/p>\n<p>Segundo o sistema do TCU, a Caixa recebeu a notifica\u00e7\u00e3o do despacho pouco antes das 19h. At\u00e9 agora, o banco n\u00e3o se manifestou. Das 18h de sexta-feira (21) at\u00e9 as 7h de hoje (24), a concess\u00e3o de empr\u00e9stimos consignados do Aux\u00edlio Brasil\u00a0<a href=\"https:\/\/agenciabrasil.ebc.com.br\/economia\/noticia\/2022-10\/caixa-suspende-operacoes-consignadas-no-auxilio-brasil\" target=\"_blank\" rel=\"noopener\">ficou suspensa<\/a>. Segundo o banco, isso ocorreu pela necessidade de manuten\u00e7\u00e3o t\u00e9cnica no sistema.<\/p>\n<p><span style=\"font-weight: 400;\">Fonte: Ag\u00eancia Brasil <\/span><\/p>\n","protected":false},"excerpt":{"rendered":"<p>Nas pr\u00f3ximas 24 horas, a Caixa Econ\u00f4mica Federal dever\u00e1 prestar esclarecimentos ao Tribunal de Contas da Uni\u00e3o (TCU) sobre as linhas de cr\u00e9dito consignado do\u00a0Aux\u00edlio Brasil. A decis\u00e3o foi do ministro Aroldo Cedraz, que orientou o banco a suspender os empr\u00e9stimos at\u00e9 o fim da an\u00e1lise dos documentos. \u201cA contar da ci\u00eancia deste despacho, previamente [&hellip;]<\/p>\n","protected":false},"author":246,"featured_media":205787,"comment_status":"closed","ping_status":"closed","sticky":false,"template":"","format":"standard","meta":{"footnotes":""},"categories":[436,261,439],"tags":[],"class_list":["post-205786","post","type-post","status-publish","format-standard","has-post-thumbnail","hentry","category-destaque-da-semana","category-economia","category-ultima-hora"],"_links":{"self":[{"href":"https:\/\/diarioregionaldigital.com.br\/index.php?rest_route=\/wp\/v2\/posts\/205786","targetHints":{"allow":["GET"]}}],"collection":[{"href":"https:\/\/diarioregionaldigital.com.br\/index.php?rest_route=\/wp\/v2\/posts"}],"about":[{"href":"https:\/\/diarioregionaldigital.com.br\/index.php?rest_route=\/wp\/v2\/types\/post"}],"author":[{"embeddable":true,"href":"https:\/\/diarioregionaldigital.com.br\/index.php?rest_route=\/wp\/v2\/users\/246"}],"replies":[{"embeddable":true,"href":"https:\/\/diarioregionaldigital.com.br\/index.php?rest_route=%2Fwp%2Fv2%2Fcomments&post=205786"}],"version-history":[{"count":1,"href":"https:\/\/diarioregionaldigital.com.br\/index.php?rest_route=\/wp\/v2\/posts\/205786\/revisions"}],"predecessor-version":[{"id":205788,"href":"https:\/\/diarioregionaldigital.com.br\/index.php?rest_route=\/wp\/v2\/posts\/205786\/revisions\/205788"}],"wp:featuredmedia":[{"embeddable":true,"href":"https:\/\/diarioregionaldigital.com.br\/index.php?rest_route=\/wp\/v2\/media\/205787"}],"wp:attachment":[{"href":"https:\/\/diarioregionaldigital.com.br\/index.php?rest_route=%2Fwp%2Fv2%2Fmedia&parent=205786"}],"wp:term":[{"taxonomy":"category","embeddable":true,"href":"https:\/\/diarioregionaldigital.com.br\/index.php?rest_route=%2Fwp%2Fv2%2Fcategories&post=205786"},{"taxonomy":"post_tag","embeddable":true,"href":"https:\/\/diarioregionaldigital.com.br\/index.php?rest_route=%2Fwp%2Fv2%2Ftags&post=205786"}],"curies":[{"name":"wp","href":"https:\/\/api.w.org\/{rel}","templated":true}]}}