{"id":205779,"date":"2022-10-23T06:00:53","date_gmt":"2022-10-23T09:00:53","guid":{"rendered":"https:\/\/diarioregionaldigital.com.br\/?p=205779"},"modified":"2022-10-22T00:02:49","modified_gmt":"2022-10-22T03:02:49","slug":"a-vez-da-educacao","status":"publish","type":"post","link":"https:\/\/diarioregionaldigital.com.br\/?p=205779","title":{"rendered":"A vez da educa\u00e7\u00e3o"},"content":{"rendered":"<p>Com o expressivo t\u00edtulo \u201cO c\u00e9u e o inferno da Internet\u201d, Maur\u00edcio Dinepi fez uma esclarecedora palestra no Conselho de Not\u00e1veis da Confedera\u00e7\u00e3o Nacional do Com\u00e9rcio de Bens, Servi\u00e7os e Turismo. Com a autoridade de um grande conhecedor da mat\u00e9ria, ele afirmou que at\u00e9 2029 o 5G estar\u00e1 em todas as cidades \u00a0brasileiras. A se confirmar esse fato, espera-se que haja tamb\u00e9m um grande benef\u00edcio para a nossa educa\u00e7\u00e3o, pois isso promover\u00e1 grandes benef\u00edcios para as nossas escolas.<\/p>\n<p>Dinepi, que \u00e9 diretor dos Di\u00e1rios Associados, disse que as empresas jornal\u00edsticas ter\u00e3o que se reinventar, para acompanhar essa poss\u00edvel onda de progresso. E como temos hoje o n\u00famero incr\u00edvel de 500 mil <strong><em>influencers<\/em><\/strong>, a miss\u00e3o da realidade virtual pode alcan\u00e7ar com brilho o mundo carente da educa\u00e7\u00e3o.<\/p>\n<p>Deve-se regular o mercado de redes. Sonhamos com melhores tempos para a cultura do povo brasileiro, mas \u00e9 preciso considerar que 20% da nossa popula\u00e7\u00e3o ainda acreditam em terraplanismo. Isso apesar do fato de que o pa\u00eds conta com maior n\u00famero de celulares do que habitantes&#8230; \u00c9 sabido que 64% da nossa popula\u00e7\u00e3o se informam pela internet \u2013 \u00e9 um n\u00famero crescente, registrando-se \u00a0que a web n\u00e3o tem limites.<\/p>\n<p>Colaborei durante muitos anos, a convite do saudoso acad\u00eamico Roberto Marinho, na vers\u00e3o impressa do jornal \u201cO Globo\u201d. Mais recentemente, e para minha surpresa, a nova dire\u00e7\u00e3o do\u00a0 jornal resolveu transferir o meu artigo para a vers\u00e3o digital, alegando que era \u201cmuito mais lida\u201d. Se isso\u00a0 \u00e9 verdade, sa\u00ed ganhando&#8230;<\/p>\n<p>H\u00e1 certos riscos, nesse processo. A escritora filipina Maria Ressa, Pr\u00eamio Nobel da Paz de 2021, afirmou recentemente que \u201cas plataformas da internet ( redes sociais) est\u00e3o destruindo a democracia. Elas contribuem para polarizar a sociedade e radicalizar pessoas. Enquanto houver impunidade no mundo digital, haver\u00e1 impunidade no mundo real.\u201d \u00c9 uma preocupa\u00e7\u00e3o da qual n\u00e3o podemos nos dissociar.<\/p>\n<p>Na Uni\u00e3o Europ\u00e9ia fala-se hoje com frequ\u00eancia de um processo de regulamenta\u00e7\u00e3o, de in\u00edcio abrangendo as gigantes\u00a0 digitais. Vamos acompanhar isso bem de perto, dada a sua relev\u00e2ncia.<\/p>\n","protected":false},"excerpt":{"rendered":"<p>Com o expressivo t\u00edtulo \u201cO c\u00e9u e o inferno da Internet\u201d, Maur\u00edcio Dinepi fez uma esclarecedora palestra no Conselho de Not\u00e1veis da Confedera\u00e7\u00e3o Nacional do Com\u00e9rcio de Bens, Servi\u00e7os e Turismo. Com a autoridade de um grande conhecedor da mat\u00e9ria, ele afirmou que at\u00e9 2029 o 5G estar\u00e1 em todas as cidades \u00a0brasileiras. A se [&hellip;]<\/p>\n","protected":false},"author":96,"featured_media":0,"comment_status":"closed","ping_status":"closed","sticky":false,"template":"","format":"standard","meta":{"footnotes":""},"categories":[275],"tags":[],"class_list":["post-205779","post","type-post","status-publish","format-standard","hentry","category-arnaldo-niskier"],"_links":{"self":[{"href":"https:\/\/diarioregionaldigital.com.br\/index.php?rest_route=\/wp\/v2\/posts\/205779","targetHints":{"allow":["GET"]}}],"collection":[{"href":"https:\/\/diarioregionaldigital.com.br\/index.php?rest_route=\/wp\/v2\/posts"}],"about":[{"href":"https:\/\/diarioregionaldigital.com.br\/index.php?rest_route=\/wp\/v2\/types\/post"}],"author":[{"embeddable":true,"href":"https:\/\/diarioregionaldigital.com.br\/index.php?rest_route=\/wp\/v2\/users\/96"}],"replies":[{"embeddable":true,"href":"https:\/\/diarioregionaldigital.com.br\/index.php?rest_route=%2Fwp%2Fv2%2Fcomments&post=205779"}],"version-history":[{"count":1,"href":"https:\/\/diarioregionaldigital.com.br\/index.php?rest_route=\/wp\/v2\/posts\/205779\/revisions"}],"predecessor-version":[{"id":205780,"href":"https:\/\/diarioregionaldigital.com.br\/index.php?rest_route=\/wp\/v2\/posts\/205779\/revisions\/205780"}],"wp:attachment":[{"href":"https:\/\/diarioregionaldigital.com.br\/index.php?rest_route=%2Fwp%2Fv2%2Fmedia&parent=205779"}],"wp:term":[{"taxonomy":"category","embeddable":true,"href":"https:\/\/diarioregionaldigital.com.br\/index.php?rest_route=%2Fwp%2Fv2%2Fcategories&post=205779"},{"taxonomy":"post_tag","embeddable":true,"href":"https:\/\/diarioregionaldigital.com.br\/index.php?rest_route=%2Fwp%2Fv2%2Ftags&post=205779"}],"curies":[{"name":"wp","href":"https:\/\/api.w.org\/{rel}","templated":true}]}}