{"id":205773,"date":"2022-10-21T20:56:20","date_gmt":"2022-10-21T23:56:20","guid":{"rendered":"https:\/\/diarioregionaldigital.com.br\/?p=205773"},"modified":"2022-10-21T20:56:20","modified_gmt":"2022-10-21T23:56:20","slug":"programa-boniteza-realiza-144-intervencoes-nesta-sexta-21","status":"publish","type":"post","link":"https:\/\/diarioregionaldigital.com.br\/?p=205773","title":{"rendered":"Programa Boniteza realiza 144 interven\u00e7\u00f5es nesta sexta, 21"},"content":{"rendered":"<p>Segundo informa\u00e7\u00f5es do site da Prefeitura de Juiz de Fora (PJF), o Programa Boniteza da Prefeitura de Juiz de Fora (PJF) opera em 144 interven\u00e7\u00f5es nesta sexta-feira, 21.<\/p>\n<p>&nbsp;<\/p>\n<p><strong>Obras<\/strong><\/p>\n<p>&nbsp;<\/p>\n<p>Os Departamentos de Opera\u00e7\u00e3o e Manuten\u00e7\u00e3o em Obras (Domo) e de Estradas Vicinais da Secretaria de Obras t\u00eam previstas 27 a\u00e7\u00f5es.<\/p>\n<p>&nbsp;<\/p>\n<p><strong>Interven\u00e7\u00f5es em continuidade:<\/strong><\/p>\n<p>&#8211; Execu\u00e7\u00e3o de rede de drenagem &#8211; Rua Am\u00e9rico Lobo &#8211; Manoel Hon\u00f3rio<\/p>\n<p>&#8211; Execu\u00e7\u00e3o de rede de drenagem &#8211; Rua Fernando Lamarca &#8211; Distrito Industrial<\/p>\n<p>&#8211; Corre\u00e7\u00e3o de eros\u00e3o no escad\u00e3o &#8211; Rua Manoel de Oliveira Miranda &#8211; S\u00e3o judas<\/p>\n<p>&#8211; Coloca\u00e7\u00e3o de meio fio &#8211; Rua Rog\u00e9rio Fernando Scolarick &#8211; Parque das \u00e1guas<\/p>\n<p>&#8211; Coloca\u00e7\u00e3o de grade de concreto &#8211; Rua Mister Moore &#8211; Centro<\/p>\n<p>&#8211; Limpeza das bocas de lobo &#8211;\u00a0 Rua Jos\u00e9 Albuquerque de Moraes &#8211; Nova Era<\/p>\n<p>&#8211; Execu\u00e7\u00e3o de compacta\u00e7\u00e3o em aterro &#8211; \u00e1rea da penitenci\u00e1ria no Linhares<\/p>\n<p>&#8211; Encabe\u00e7amento de bueiro &#8211; \u00e1rea da penitenci\u00e1ria no Linhares<\/p>\n<p>&#8211; Limpeza para prepara\u00e7\u00e3o de lan\u00e7amento de base &#8211; Rua Afonso Garcia<\/p>\n<p>&#8211; Execu\u00e7\u00e3o de muro de conten\u00e7\u00e3o &#8211; Rua Z\u00e9lia Maria Valentin &#8211; S\u00e3o Pedro<\/p>\n<p>&#8211; Lan\u00e7amento de material em pontos cr\u00edticos &#8211; Estrada do pe\u00e3o &#8211; Torre\u00f5es<\/p>\n<p>&#8211; Limpeza de bueiro e sa\u00eddas de \u00e1gua &#8211; Estrada do pe\u00e3o &#8211; Torre\u00f5es<\/p>\n<p>&#8211; Patrolamento &#8211; Estrada da Lagoa<\/p>\n<p>&#8211; Patrolamento &#8211; Estrada boa vista<\/p>\n<p>&#8211; Fundi\u00e7\u00e3o de canaletas &#8211; estrada principal de pires<\/p>\n<p>&#8211; Patrolamento &#8211; Estrada Dias Tavares<\/p>\n<p>&#8211; Reparo com material granulado &#8211; Estrada do milit\u00e3o<\/p>\n<p>&#8211; Constru\u00e7\u00e3o de rede de capta\u00e7\u00e3o de \u00e1gua pluvial &#8211; Rua Principal de Ros\u00e1rio de Minas<\/p>\n<p><strong>Novas interven\u00e7\u00f5es:<\/strong><\/p>\n<p>&#8211; Corre\u00e7\u00e3o de eros\u00e3o pluvial &#8211; Rua Jos\u00e9 Monteiro &#8211; Vila Ideal<\/p>\n<p>&#8211; Recomposi\u00e7\u00e3o de muro &#8211; Rua Jos\u00e9 Monteiro &#8211; Vila Ideal<\/p>\n<p>&#8211; Restaura\u00e7\u00e3o de boca de lobo &#8211; Rua Albino &#8211; Vila Ideal<\/p>\n<p>&#8211; Corre\u00e7\u00e3o de eros\u00e3o &#8211; Rua Pedro Afonso Pinheiro &#8211; Sagrado Cora\u00e7\u00e3o<\/p>\n<p>&#8211; Execu\u00e7\u00e3o de leira &#8211; Rua Francisco Altomar &#8211; Santa Luzia<\/p>\n<p>&#8211; Execu\u00e7\u00e3o de leira &#8211; Rua Alberto Agapito Pereira &#8211; Santa Luzia<\/p>\n<p>&#8211; Patrolamento &#8211; Estrada de S\u00e3o Mateus<\/p>\n<p>&#8211; Limpeza de valas e sa\u00eddas d&#8217;\u00e1gua &#8211; Estrada de S\u00e3o Mateus<\/p>\n<p>&#8211; Limpeza de valas &#8211; Estrada de Sarandira<\/p>\n<p>&nbsp;<\/p>\n<p><strong>Ilumina\u00e7\u00e3o P\u00fablica<\/strong><\/p>\n<p>&nbsp;<\/p>\n<p>O departamento de Ilumina\u00e7\u00e3o P\u00fablica da PJF d\u00e1 continuidade \u00e0s a\u00e7\u00f5es com a previs\u00e3o de trocas de 117 l\u00e2mpadas em todas as regi\u00f5es.<\/p>\n<p><strong>Santa Luzia<\/strong><\/p>\n<p>Rua Sarandira<\/p>\n<p><strong>Terras Altas<\/strong><\/p>\n<p>Rua Expedicion\u00e1rio Orlindo Ferreira Cristino<\/p>\n<p>Rua Iraide Kneipp Climaco<\/p>\n<p>Rua Engenheiro Agostinho Pereira Castro<\/p>\n<p>Rua Boanergis Barbosa De Castro<\/p>\n<p>Rua Adayro Martins Rubio<\/p>\n<p>Rua Nicolau Lammoglia<\/p>\n<p>Rua Milton Coelho Marques<\/p>\n<p>Rua 8<\/p>\n<p>Rua Farmac\u00eautico Jos\u00e9 Fontes Louren\u00e7o<\/p>\n<p>Rua Wilson Gomes De Freitas<\/p>\n<p>Rua Padre Jo\u00e3o Micheletto<\/p>\n<p><strong>Jardim Esperanca<\/strong><\/p>\n<p>Rua Arist\u00f3teles E Nascimento<\/p>\n<p>Rua Alberto Guedes<\/p>\n<p>Rua Padre Acacio Duarte<\/p>\n<p>Rua Argemiro Franca<\/p>\n<p><strong>Bar\u00e3o Do Retiro<\/strong><\/p>\n<p>Rua S\u00e9rgio Barbosa<\/p>\n<p>Rua Jos\u00e9 Francisco Da Mota<\/p>\n<p>Rua Jose Augusto Araujo<\/p>\n<p>Rua Coronel Cust\u00f3dio De Souza Pinto<\/p>\n<p>Rua Irma Emerenciana<\/p>\n<p>Rua M\u00e1rio Rezende Do Vale<\/p>\n<p><strong>Nova Benfica<\/strong><\/p>\n<p>Rua Vereador Francisco Pinheiro<\/p>\n<p>Rua Abel Rafael Pinto<\/p>\n<p>Rua Helio Noronha<\/p>\n<p><strong>Ponte Preta<\/strong><\/p>\n<p>Rua Gabriel Sobreira<\/p>\n<p>Avenida Ferrea<\/p>\n<p>Avenida Tenente \u00c1tila Vinicius R Carvalho<\/p>\n<p><strong>Barreira Do Triunfo<\/strong><\/p>\n<p>Avenida Eudoxio Infante Vieira<\/p>\n<p><strong>Nova Era<\/strong><\/p>\n<p>Rua General Almerindo Da Silva Gomes<\/p>\n<p>Rua Sophia Fortini Costa<\/p>\n<p>Rua Jos\u00e9 Gustavo Do Nascimento<\/p>\n<p><strong>Granjas Recanto Do Sol<\/strong><\/p>\n<p>Rua Das Margarida<\/p>\n<p><strong>Jardim Gl\u00f3ria<\/strong><\/p>\n<p>Ten Aviador Mauro Miranda<\/p>\n<p>Travessa Amaury Cavalcante De Albuquerque. (Praca).<\/p>\n<p><strong>Santa Helena<\/strong><\/p>\n<p>Rua Pasteur<\/p>\n<p><strong>Estrela Sul<\/strong><\/p>\n<p>Alameda P\u00e1ssaro Da Pol\u00f4nia<\/p>\n<p><strong>Retiro<\/strong><\/p>\n<p>Avenida Francisco Alvares De Assis<\/p>\n<p><strong>Ribeir\u00e3o Das Palmeiras<\/strong><\/p>\n<p>Estrada Jovelina Maria Franco<\/p>\n<p><strong>Nova Era Ii<\/strong><\/p>\n<p>Rua Salvador Del Duca<\/p>\n<p>Rua Guimar\u00e3es Junior<\/p>\n<p><strong>Benfica<\/strong><\/p>\n<p>Rua Vereador In\u00e1cio Alves<\/p>\n<p>Rua Agostinho Brolhiato<\/p>\n<p><strong>Araujo<\/strong><\/p>\n<p>Rua Maria Eug\u00eania<\/p>\n<p>Rua 24 Horas<\/p>\n<p><strong>Novo Triunfo<\/strong><\/p>\n<p>Rua Laides Maria Da Silva<\/p>\n<p>Rua E<\/p>\n<p><strong>Mariano Proc\u00f3pio<\/strong><\/p>\n<p>Rua Mariano Proc\u00f3pio<\/p>\n<p>Rua Henrique Burnier<\/p>\n<p><strong>Centro<\/strong><\/p>\n<p>Rua Comendador Mariano Proc\u00f3pio<\/p>\n<p>Avenida Francisco Bernadino<\/p>\n<p><strong>Granbery<\/strong><\/p>\n<p>Rua Princesa Isabel<\/p>\n<p>Rua Eduardo Campos Bastos<\/p>\n<p><strong>Santa Terezinha<\/strong><\/p>\n<p>Avenida Brasil<\/p>\n<p>&nbsp;<\/p>\n<p><strong>Gabinete de A\u00e7\u00e3o e Di\u00e1logo Comunit\u00e1rio<\/strong><\/p>\n<p>As a\u00e7\u00f5es da Secretaria de Obras s\u00e3o realizadas atrav\u00e9s do Gabinete de A\u00e7\u00e3o e Di\u00e1logo Comunit\u00e1rio, que recebe demandas de melhorias urbanas pelo n\u00famero (32) 3690-7241, por liga\u00e7\u00e3o ou WhatsApp.<\/p>\n<p>No\u00a0<a href=\"https:\/\/www.pjf.mg.gov.br\/gabinetecomunitario\/\"><strong>site do gabinete<\/strong><\/a>, est\u00e3o dispon\u00edveis informa\u00e7\u00f5es atualizadas\u00a0 diariamente sobre os servi\u00e7os realizados pelas secretarias de Obras (SO); de Sustentabilidade em Meio Ambiente e Atividades Urbanas (Sesmaur); de Mobilidade Urbana (SMU); e pela\u00a0 Empresa Municipal de Pavimenta\u00e7\u00e3o e Urbaniza\u00e7\u00e3o (Empav); Departamento Municipal de Limpeza Urbana (Demlurb); e Companhia de Saneamento Municipal (Cesama).<\/p>\n<p>&nbsp;<\/p>\n<p>&nbsp;<\/p>\n","protected":false},"excerpt":{"rendered":"<p>Segundo informa\u00e7\u00f5es do site da Prefeitura de Juiz de Fora (PJF), o Programa Boniteza da Prefeitura de Juiz de Fora (PJF) opera em 144 interven\u00e7\u00f5es nesta sexta-feira, 21. &nbsp; Obras &nbsp; Os Departamentos de Opera\u00e7\u00e3o e Manuten\u00e7\u00e3o em Obras (Domo) e de Estradas Vicinais da Secretaria de Obras t\u00eam previstas 27 a\u00e7\u00f5es. &nbsp; Interven\u00e7\u00f5es em [&hellip;]<\/p>\n","protected":false},"author":246,"featured_media":205774,"comment_status":"closed","ping_status":"closed","sticky":false,"template":"","format":"standard","meta":{"footnotes":""},"categories":[253,436,439],"tags":[],"class_list":["post-205773","post","type-post","status-publish","format-standard","has-post-thumbnail","hentry","category-cidade","category-destaque-da-semana","category-ultima-hora"],"_links":{"self":[{"href":"https:\/\/diarioregionaldigital.com.br\/index.php?rest_route=\/wp\/v2\/posts\/205773","targetHints":{"allow":["GET"]}}],"collection":[{"href":"https:\/\/diarioregionaldigital.com.br\/index.php?rest_route=\/wp\/v2\/posts"}],"about":[{"href":"https:\/\/diarioregionaldigital.com.br\/index.php?rest_route=\/wp\/v2\/types\/post"}],"author":[{"embeddable":true,"href":"https:\/\/diarioregionaldigital.com.br\/index.php?rest_route=\/wp\/v2\/users\/246"}],"replies":[{"embeddable":true,"href":"https:\/\/diarioregionaldigital.com.br\/index.php?rest_route=%2Fwp%2Fv2%2Fcomments&post=205773"}],"version-history":[{"count":1,"href":"https:\/\/diarioregionaldigital.com.br\/index.php?rest_route=\/wp\/v2\/posts\/205773\/revisions"}],"predecessor-version":[{"id":205775,"href":"https:\/\/diarioregionaldigital.com.br\/index.php?rest_route=\/wp\/v2\/posts\/205773\/revisions\/205775"}],"wp:featuredmedia":[{"embeddable":true,"href":"https:\/\/diarioregionaldigital.com.br\/index.php?rest_route=\/wp\/v2\/media\/205774"}],"wp:attachment":[{"href":"https:\/\/diarioregionaldigital.com.br\/index.php?rest_route=%2Fwp%2Fv2%2Fmedia&parent=205773"}],"wp:term":[{"taxonomy":"category","embeddable":true,"href":"https:\/\/diarioregionaldigital.com.br\/index.php?rest_route=%2Fwp%2Fv2%2Fcategories&post=205773"},{"taxonomy":"post_tag","embeddable":true,"href":"https:\/\/diarioregionaldigital.com.br\/index.php?rest_route=%2Fwp%2Fv2%2Ftags&post=205773"}],"curies":[{"name":"wp","href":"https:\/\/api.w.org\/{rel}","templated":true}]}}