{"id":205770,"date":"2022-10-21T20:54:49","date_gmt":"2022-10-21T23:54:49","guid":{"rendered":"https:\/\/diarioregionaldigital.com.br\/?p=205770"},"modified":"2022-10-21T20:54:49","modified_gmt":"2022-10-21T23:54:49","slug":"praca-do-benfica-recebe-campanha-de-vacinacao-contra-a-poliomielite-e-multivacinacao-para-atualizacao-vacinal-de-criancas-e-adolescentes-no-sabado-22","status":"publish","type":"post","link":"https:\/\/diarioregionaldigital.com.br\/?p=205770","title":{"rendered":"Pra\u00e7a do Benfica recebe Campanha de Vacina\u00e7\u00e3o contra a Poliomielite e Multivacina\u00e7\u00e3o para atualiza\u00e7\u00e3o vacinal de crian\u00e7as e adolescentes no s\u00e1bado, 22"},"content":{"rendered":"<p>Segundo informa\u00e7\u00f5es do site da Prefeitura de Juiz de Fora (PJF), com o objetivo de ampliar a imuniza\u00e7\u00e3o e manter a cidade protegida contra doen\u00e7as j\u00e1 erradicadas, como a poliomielite, a Prefeitura de Juiz de Fora (PJF) realizar\u00e1, neste s\u00e1bado, 22, de 9h \u00e0s 12h, vacina\u00e7\u00e3o da Campanha de Vacina\u00e7\u00e3o Contra a Poliomielite e Multivacina\u00e7\u00e3o para atualiza\u00e7\u00e3o vacinal de crian\u00e7as e adolescentes na pra\u00e7a Coronel Geremias Garcia, no bairro Benfica.<\/p>\n<p>A a\u00e7\u00e3o \u00e9 uma parceria entre a PJF e o Rotary Club de Juiz de Fora. V\u00e3o estar presentes a banda da Pol\u00edcia Militar de Minas Gerais, caminh\u00e3o do Corpo de Bombeiros Militar de Minas Gerais e os mascotes foguinho e fa\u00edsca, o Z\u00e9 Gotinha e outras atra\u00e7\u00f5es.<\/p>\n<p>A\u00a0<strong>Campanha Nacional contra a Poliomielite \u00e9 voltada para crian\u00e7as de um ano at\u00e9 quatro anos, 11 meses e 29 dias de idade.<\/strong>\u00a0A vacina\u00e7\u00e3o para todo este p\u00fablico \u00e9 feita com a\u00a0<strong>p\u00f3lio oral, a gotinha.<\/strong>\u00a0Ao mesmo tempo, com o intuito de\u00a0<strong>atualizar o cart\u00e3o vacinal das crian\u00e7as e dos adolescentes at\u00e9 14 anos, 11 meses e 29 dias, ser\u00e1 realizada multivacina\u00e7\u00e3o<\/strong>\u00a0com a aplica\u00e7\u00e3o de diversos imunizantes.<\/p>\n<p><strong>Para se vacinar, crian\u00e7as e adolescentes devem estar na presen\u00e7a dos pais ou respons\u00e1veis. \u00c9 necess\u00e1rio apresentar documento de identifica\u00e7\u00e3o com foto, cart\u00e3o SUS ou Certid\u00e3o de Nascimento, al\u00e9m da caderneta de vacina\u00e7\u00e3o, para que seja avaliada tamb\u00e9m a necessidade da aplica\u00e7\u00e3o de outras vacinas.<\/p>\n<p>Poliomielite<\/p>\n<p>Antes de completar um ano de vida, s\u00e3o necess\u00e1rias tr\u00eas doses da vacina contra a poliomielite, aos dois, quatro e seis meses, com a vacina da poliomielite inativada (VIP). Com 15 meses, a crian\u00e7a recebe o primeiro refor\u00e7o com a p\u00f3lio oral e, aos quatro anos, o segundo refor\u00e7o (VOP- gotinha).\u00a0<\/strong><\/p>\n<p>A poliomielite \u00e9 uma doen\u00e7a contagiosa que, por meio do contato direto com fezes ou com secre\u00e7\u00f5es eliminadas pela boca de pessoas infectadas, pode contaminar crian\u00e7as e adultos. O \u00faltimo caso de Poliomielite foi notificado no pa\u00eds em 1989. O Brasil recebeu o certificado de \u00e1rea livre de circula\u00e7\u00e3o do v\u00edrus selvagem em 1994.<\/p>\n<p>A meta \u00e9 manter o pa\u00eds livre da poliomielite e empreender esfor\u00e7os para a erradica\u00e7\u00e3o da doen\u00e7a, al\u00e9m de atualizar a situa\u00e7\u00e3o vacinal, proteger a popula\u00e7\u00e3o contra as doen\u00e7as imunopreven\u00edveis e reduzir os bols\u00f5es de n\u00e3o vacinados. Para isso, o objetivo \u00e9 alcan\u00e7ar cobertura vacinal igual ou maior que 95% para a vacina poliomielite na faixa et\u00e1ria de um a menores de 5 anos de idade, al\u00e9m de reduzir o n\u00famero de n\u00e3o vacinados de crian\u00e7as e adolescentes menores de 15 anos de idade e melhorar as coberturas vacinais.<\/p>\n","protected":false},"excerpt":{"rendered":"<p>Segundo informa\u00e7\u00f5es do site da Prefeitura de Juiz de Fora (PJF), com o objetivo de ampliar a imuniza\u00e7\u00e3o e manter a cidade protegida contra doen\u00e7as j\u00e1 erradicadas, como a poliomielite, a Prefeitura de Juiz de Fora (PJF) realizar\u00e1, neste s\u00e1bado, 22, de 9h \u00e0s 12h, vacina\u00e7\u00e3o da Campanha de Vacina\u00e7\u00e3o Contra a Poliomielite e Multivacina\u00e7\u00e3o [&hellip;]<\/p>\n","protected":false},"author":246,"featured_media":205771,"comment_status":"closed","ping_status":"closed","sticky":false,"template":"","format":"standard","meta":{"footnotes":""},"categories":[253,436,439],"tags":[],"class_list":["post-205770","post","type-post","status-publish","format-standard","has-post-thumbnail","hentry","category-cidade","category-destaque-da-semana","category-ultima-hora"],"_links":{"self":[{"href":"https:\/\/diarioregionaldigital.com.br\/index.php?rest_route=\/wp\/v2\/posts\/205770","targetHints":{"allow":["GET"]}}],"collection":[{"href":"https:\/\/diarioregionaldigital.com.br\/index.php?rest_route=\/wp\/v2\/posts"}],"about":[{"href":"https:\/\/diarioregionaldigital.com.br\/index.php?rest_route=\/wp\/v2\/types\/post"}],"author":[{"embeddable":true,"href":"https:\/\/diarioregionaldigital.com.br\/index.php?rest_route=\/wp\/v2\/users\/246"}],"replies":[{"embeddable":true,"href":"https:\/\/diarioregionaldigital.com.br\/index.php?rest_route=%2Fwp%2Fv2%2Fcomments&post=205770"}],"version-history":[{"count":1,"href":"https:\/\/diarioregionaldigital.com.br\/index.php?rest_route=\/wp\/v2\/posts\/205770\/revisions"}],"predecessor-version":[{"id":205772,"href":"https:\/\/diarioregionaldigital.com.br\/index.php?rest_route=\/wp\/v2\/posts\/205770\/revisions\/205772"}],"wp:featuredmedia":[{"embeddable":true,"href":"https:\/\/diarioregionaldigital.com.br\/index.php?rest_route=\/wp\/v2\/media\/205771"}],"wp:attachment":[{"href":"https:\/\/diarioregionaldigital.com.br\/index.php?rest_route=%2Fwp%2Fv2%2Fmedia&parent=205770"}],"wp:term":[{"taxonomy":"category","embeddable":true,"href":"https:\/\/diarioregionaldigital.com.br\/index.php?rest_route=%2Fwp%2Fv2%2Fcategories&post=205770"},{"taxonomy":"post_tag","embeddable":true,"href":"https:\/\/diarioregionaldigital.com.br\/index.php?rest_route=%2Fwp%2Fv2%2Ftags&post=205770"}],"curies":[{"name":"wp","href":"https:\/\/api.w.org\/{rel}","templated":true}]}}