{"id":205764,"date":"2022-10-21T20:48:59","date_gmt":"2022-10-21T23:48:59","guid":{"rendered":"https:\/\/diarioregionaldigital.com.br\/?p=205764"},"modified":"2022-10-21T20:48:59","modified_gmt":"2022-10-21T23:48:59","slug":"prefeita-participa-da-abertura-oficial-das-oficinas-de-educacao-permanente-dos-conselheiros-de-saude","status":"publish","type":"post","link":"https:\/\/diarioregionaldigital.com.br\/?p=205764","title":{"rendered":"Prefeita participa da abertura oficial das Oficinas de Educa\u00e7\u00e3o Permanente dos Conselheiros de Sa\u00fade"},"content":{"rendered":"<p>Segundo informa\u00e7\u00f5es do site da Prefeitura de Juiz de Fora (PJF),\u00a0 o Conselho Municipal de Sa\u00fade de Juiz de Fora (CMS-JF) e a PJF realizaram, no Cine Theatro Central, nesta quinta-feira, 20, a abertura oficial das Oficinas de Educa\u00e7\u00e3o Permanente dos Conselheiros e Conselheiras Locais, Regionais e Municipais de Sa\u00fade.<\/p>\n<p>Presente na abertura, a prefeita Margarida Salom\u00e3o destacou que \u201co SUS, dentre suas grandes inova\u00e7\u00f5es, prop\u00f4s essa concep\u00e7\u00e3o de participa\u00e7\u00e3o ativa da sociedade atrav\u00e9s dos conselhos locais, regionais, municipais e estaduais, para fazer a gest\u00e3o da pol\u00edtica p\u00fablica. Uma das mais importantes gest\u00f5es de pol\u00edticas p\u00fablicas do estado brasileiro\u201d.<\/p>\n<p>No evento, foram capacitados Conselheiros de Sa\u00fade, representando 12 regi\u00f5es de sa\u00fade da cidade. Esse curso transcorrer\u00e1 ao longo deste e do pr\u00f3ximo ano, com temas definidos pelos pr\u00f3prios conselheiros de sa\u00fade, abordando quest\u00f5es como financiamento, controle social, gest\u00e3o do SUS, direitos e deveres, vigil\u00e2ncia em sa\u00fade, dentre outros temas de import\u00e2ncia para gest\u00e3o do SUS.\u00a0<strong>O cronograma das pr\u00f3ximas oficinas voc\u00ea confere abaixo.<\/strong><\/p>\n<p>Ainda conforme a prefeita, tanto o poder p\u00fablico quanto os trabalhadores da \u00e1rea da sa\u00fade e os conselheiros precisam estar atentos. \u201cNeste momento, o SUS est\u00e1 sob ataque. Uma boa parte dos problemas que temos \u00e9 de n\u00e3o conseguirmos financiar de forma apropriada a sa\u00fade do Brasil. O SUS \u00e9 patrim\u00f4nio do povo, ent\u00e3o n\u00f3s n\u00e3o vamos recuar de defend\u00ea-lo\u201d.<\/p>\n<p>O secret\u00e1rio de sa\u00fade, Ivan Chebli, apontou que \u201cuma das diretrizes priorit\u00e1rias desta administra\u00e7\u00e3o e da gest\u00e3o do SUS \u00e9 o fortalecimento e a qualifica\u00e7\u00e3o da participa\u00e7\u00e3o popular. N\u00f3s come\u00e7amos hoje um processo, que vai se estender durante o ano de 2023, onde n\u00f3s pretendemos capacitar o maior n\u00famero poss\u00edvel de conselheiros, locais, regionais e municipais. Gostaria de saudar a todos pela participa\u00e7\u00e3o nessa abertura oficial e desejar que esse processo contribua efetivamente para a interven\u00e7\u00e3o mais qualitativa por parte dos conselheiros de sa\u00fade em todos os f\u00f3runs de negocia\u00e7\u00e3o e pactua\u00e7\u00e3o\u201d.<\/p>\n<p>A Vice-reitora da Universidade Federal de Juiz de Fora (UFJF), Girlene Alves da Silva, fez quest\u00e3o de apontar a posi\u00e7\u00e3o da institui\u00e7\u00e3o na defesa da Sa\u00fade P\u00fablica. \u201c\u00c9 uma noite para ser comemorada porque o SUS precisa ser debatido, resgatado e defendido por todos n\u00f3s. N\u00f3s da UFJF, reafirmamos nosso papel com uma forma\u00e7\u00e3o que tem como base o fortalecimento e a implanta\u00e7\u00e3o de um sistema p\u00fablico de sa\u00fade que, de fato, comporte todas as diversidades da sa\u00fade do nosso pa\u00eds\u201d.<\/p>\n<p>Presente no evento, o presidente do Conselho Estadual de Sa\u00fade,\u00a0 Ederson Alves da Silva, ressaltou que \u201cos Conselhos deliberam e aprovam a pol\u00edtica de sa\u00fade nos \u00e2mbitos municipal, estadual e nacional. Eles t\u00eam que ser respeitados pelos prefeitos, governadores e pelo presidente da rep\u00fablica. Quero parabenizar todas as conselheiras e os conselheiros, que s\u00e3o volunt\u00e1rios, mas est\u00e3o no dia a dia, na luta di\u00e1ria para melhorar o Sistema \u00danico de Sa\u00fade do nosso pa\u00eds\u201d.<\/p>\n<p>De acordo com Wellington de Assis Moraes, vice-presidente do Conselho Municipal de Sa\u00fade, \u201cesse momento \u00e9 um marco para o Conselho de Sa\u00fade, um anseio de todos n\u00f3s esse processo de capacita\u00e7\u00e3o, de buscar o controle social, principalmente nesse momento t\u00e3o cr\u00edtico que n\u00f3s passamos com o financiamento do SUS. Ent\u00e3o essa oficina visa essa qualifica\u00e7\u00e3o de todos n\u00f3s para que possamos buscar essa melhoria na sa\u00fade p\u00fablica\u201d.<\/p>\n<p>O evento contou com Palestra Magna, com o tema \u201cO Sistema \u00danico de Sa\u00fade: Gest\u00e3o, Financiamento e o Controle Social em Tempos de Crise\u201d, proferida pela doutora em Sa\u00fade Coletiva, Danielle Teles da Cruz, professora do Depto de Sa\u00fade Coletiva da Faculdade de Medicina, da Universidade Federal de Juiz de Fora (UFJF), professora dos Programas de P\u00f3s Gradua\u00e7\u00e3o em Sa\u00fade Coletiva e Mestrado Profissional Sa\u00fade da Fam\u00edlia\u00a0 e pesquisadora de Pol\u00edticas P\u00fablicas de Sa\u00fade.<\/p>\n<p>Ap\u00f3s a palestra, foi exibido v\u00eddeo enviado pelo m\u00e9dico sanitarista e professor universit\u00e1rio, Arthur Chioro, ex-ministro da sa\u00fade do Governo Dilma Rousseff, entre os anos de 2014 e 2015.<\/p>\n<p>A Capacita\u00e7\u00e3o dos Conselheiros \u00e9 uma diretriz da Pol\u00edtica Nacional de Educa\u00e7\u00e3o Permanente no SUS e propiciar\u00e1, a partir da apresenta\u00e7\u00e3o de um conjunto de conte\u00fados relacionados \u00e0 Gest\u00e3o, Financiamento, Planejamento, Assist\u00eancia Farmac\u00eautica, Vigil\u00e2ncia em Sa\u00fade, Assist\u00eancia \u00e0 Sa\u00fade, dentre outros, uma maior qualifica\u00e7\u00e3o dos envolvidos.<\/p>\n<p><strong>Confira o ciclo de Aulas Tem\u00e1ticas para Conselheiros Municipais de Sa\u00fade:<\/strong><br \/>\n<strong>M\u00f3dulo 1<\/strong>\u00a0&#8211; Dia 10\/11\/22: O SUS : Princ\u00edpios e Diretrizes \/ Humaniza SUS<\/p>\n<p><strong>M\u00f3dulo 2<\/strong>\u00a0&#8211; Dia 24\/11\/22: Legisla\u00e7\u00e3o Regulamentadora do Conselho Municipal de Sa\u00fade e Organiza\u00e7\u00e3o Administrativa do SUS em Juiz de Fora<\/p>\n<p><strong>M\u00f3dulo 3<\/strong>\u00a0&#8211; Dia 08\/12\/22: Pol\u00edtica Nacional de Aten\u00e7\u00e3o B\u00e1sica e Previne Brasil<\/p>\n<p><strong>M\u00f3dulo 4<\/strong>\u00a0&#8211; Dia 26\/01\/23: Financiamento SUS &#8211; Planejamento e Gest\u00e3o no SUS<\/p>\n<p><strong>M\u00f3dulo 5<\/strong>\u00a0&#8211; Dia 09\/02\/23 : Assist\u00eancia Farmac\u00eautica<\/p>\n<p><strong>M\u00f3dulo 6<\/strong>\u00a0&#8211; Dia 02\/03\/23: Pol\u00edtica Nacional de Regula\u00e7\u00e3o no SUS<\/p>\n<p><strong>M\u00f3dulo 7<\/strong>\u00a0&#8211; Dia 16\/03\/23: Pol\u00edtica Aten\u00e7\u00e3o \u00e0 Urg\u00eancia e Emerg\u00eancia<\/p>\n<p><strong>M\u00f3dulo 8<\/strong>\u00a0&#8211; Dia 06\/04\/23: Vigil\u00e2ncia em Sa\u00fade<\/p>\n<p>&nbsp;<\/p>\n<p><strong>Foto:<\/strong>\u00a0Carlos Mendon\u00e7a<\/p>\n","protected":false},"excerpt":{"rendered":"<p>Segundo informa\u00e7\u00f5es do site da Prefeitura de Juiz de Fora (PJF),\u00a0 o Conselho Municipal de Sa\u00fade de Juiz de Fora (CMS-JF) e a PJF realizaram, no Cine Theatro Central, nesta quinta-feira, 20, a abertura oficial das Oficinas de Educa\u00e7\u00e3o Permanente dos Conselheiros e Conselheiras Locais, Regionais e Municipais de Sa\u00fade. Presente na abertura, a prefeita [&hellip;]<\/p>\n","protected":false},"author":246,"featured_media":205765,"comment_status":"closed","ping_status":"closed","sticky":false,"template":"","format":"standard","meta":{"footnotes":""},"categories":[253,436,440,439],"tags":[],"class_list":["post-205764","post","type-post","status-publish","format-standard","has-post-thumbnail","hentry","category-cidade","category-destaque-da-semana","category-destaques-do-dia","category-ultima-hora"],"_links":{"self":[{"href":"https:\/\/diarioregionaldigital.com.br\/index.php?rest_route=\/wp\/v2\/posts\/205764","targetHints":{"allow":["GET"]}}],"collection":[{"href":"https:\/\/diarioregionaldigital.com.br\/index.php?rest_route=\/wp\/v2\/posts"}],"about":[{"href":"https:\/\/diarioregionaldigital.com.br\/index.php?rest_route=\/wp\/v2\/types\/post"}],"author":[{"embeddable":true,"href":"https:\/\/diarioregionaldigital.com.br\/index.php?rest_route=\/wp\/v2\/users\/246"}],"replies":[{"embeddable":true,"href":"https:\/\/diarioregionaldigital.com.br\/index.php?rest_route=%2Fwp%2Fv2%2Fcomments&post=205764"}],"version-history":[{"count":1,"href":"https:\/\/diarioregionaldigital.com.br\/index.php?rest_route=\/wp\/v2\/posts\/205764\/revisions"}],"predecessor-version":[{"id":205766,"href":"https:\/\/diarioregionaldigital.com.br\/index.php?rest_route=\/wp\/v2\/posts\/205764\/revisions\/205766"}],"wp:featuredmedia":[{"embeddable":true,"href":"https:\/\/diarioregionaldigital.com.br\/index.php?rest_route=\/wp\/v2\/media\/205765"}],"wp:attachment":[{"href":"https:\/\/diarioregionaldigital.com.br\/index.php?rest_route=%2Fwp%2Fv2%2Fmedia&parent=205764"}],"wp:term":[{"taxonomy":"category","embeddable":true,"href":"https:\/\/diarioregionaldigital.com.br\/index.php?rest_route=%2Fwp%2Fv2%2Fcategories&post=205764"},{"taxonomy":"post_tag","embeddable":true,"href":"https:\/\/diarioregionaldigital.com.br\/index.php?rest_route=%2Fwp%2Fv2%2Ftags&post=205764"}],"curies":[{"name":"wp","href":"https:\/\/api.w.org\/{rel}","templated":true}]}}