{"id":205755,"date":"2022-10-21T20:40:19","date_gmt":"2022-10-21T23:40:19","guid":{"rendered":"https:\/\/diarioregionaldigital.com.br\/?p=205755"},"modified":"2022-10-21T20:40:19","modified_gmt":"2022-10-21T23:40:19","slug":"silvana-fernandes-e-ouro-no-grand-prix-de-taekwondo-paralimpico","status":"publish","type":"post","link":"https:\/\/diarioregionaldigital.com.br\/?p=205755","title":{"rendered":"Silvana Fernandes \u00e9 ouro no Grand Prix de taekwondo paral\u00edmpico"},"content":{"rendered":"<p>Com destaque para o ouro conquistado pela medalhista paral\u00edmpica Silvana Fernandes, o Brasil participou na \u00faltima quinta-feira (20) do Grand Prix de taekwondo paral\u00edmpico de Manchester (Inglaterra).<img decoding=\"async\" src=\"https:\/\/agenciabrasil.ebc.com.br\/ebc.png?id=1489496&amp;o=node\" \/><img decoding=\"async\" src=\"https:\/\/agenciabrasil.ebc.com.br\/ebc.gif?id=1489496&amp;o=node\" \/><\/p>\n<div class=\"post-item-wrap\">\n<p>A paraibana, que garantiu um bronze nos Jogos de T\u00f3quio, subiu no lugar mais alto do p\u00f3dio na categoria at\u00e9 57 kg. Al\u00e9m da medalha dourada de Silvana, a equipe brasileira levou para casa mais sete bronzes: com o campe\u00e3o paral\u00edmpico Nathan Torquato (at\u00e9 63 kg), Pedro Paulo Neves (acima de 80 kg), Cristhiane Neves (at\u00e9 52 kg), Maria Eduarda Stumpf (at\u00e9 52 kg), Leylianne Samara Ramos (at\u00e9 65 kg), Ana Carolina Moura (at\u00e9 65 kg) e D\u00e9bora Menezes (at\u00e9 65 kg).<\/p>\n<p>A participa\u00e7\u00e3o do Brasil na competi\u00e7\u00e3o foi celebrada pelo coordenador de taekwondo paral\u00edmpico da Confedera\u00e7\u00e3o Brasileira de Taekwondo (CBTKd), Rodrigo Ferla: \u201cNo \u00faltimo m\u00eas conquistamos seis medalhas em Paris. Agora foram oito. Ou seja, aumentamos o n\u00famero de p\u00f3dios. Estamos confiantes para o \u00faltimo compromisso do ano [o Grand Prix Final, que ser\u00e1 disputado na Ar\u00e1bia Saudita em dezembro]\u201d.<\/p>\n<\/div>\n<p class=\"alt-font font-italic my-2 small text-info\"><span style=\"font-weight: 400;\">Fonte: Ag\u00eancia Brasil <\/span><\/p>\n","protected":false},"excerpt":{"rendered":"<p>Com destaque para o ouro conquistado pela medalhista paral\u00edmpica Silvana Fernandes, o Brasil participou na \u00faltima quinta-feira (20) do Grand Prix de taekwondo paral\u00edmpico de Manchester (Inglaterra). A paraibana, que garantiu um bronze nos Jogos de T\u00f3quio, subiu no lugar mais alto do p\u00f3dio na categoria at\u00e9 57 kg. Al\u00e9m da medalha dourada de Silvana, [&hellip;]<\/p>\n","protected":false},"author":246,"featured_media":205756,"comment_status":"closed","ping_status":"closed","sticky":false,"template":"","format":"standard","meta":{"footnotes":""},"categories":[436,257,439],"tags":[],"class_list":["post-205755","post","type-post","status-publish","format-standard","has-post-thumbnail","hentry","category-destaque-da-semana","category-esporte","category-ultima-hora"],"_links":{"self":[{"href":"https:\/\/diarioregionaldigital.com.br\/index.php?rest_route=\/wp\/v2\/posts\/205755","targetHints":{"allow":["GET"]}}],"collection":[{"href":"https:\/\/diarioregionaldigital.com.br\/index.php?rest_route=\/wp\/v2\/posts"}],"about":[{"href":"https:\/\/diarioregionaldigital.com.br\/index.php?rest_route=\/wp\/v2\/types\/post"}],"author":[{"embeddable":true,"href":"https:\/\/diarioregionaldigital.com.br\/index.php?rest_route=\/wp\/v2\/users\/246"}],"replies":[{"embeddable":true,"href":"https:\/\/diarioregionaldigital.com.br\/index.php?rest_route=%2Fwp%2Fv2%2Fcomments&post=205755"}],"version-history":[{"count":1,"href":"https:\/\/diarioregionaldigital.com.br\/index.php?rest_route=\/wp\/v2\/posts\/205755\/revisions"}],"predecessor-version":[{"id":205757,"href":"https:\/\/diarioregionaldigital.com.br\/index.php?rest_route=\/wp\/v2\/posts\/205755\/revisions\/205757"}],"wp:featuredmedia":[{"embeddable":true,"href":"https:\/\/diarioregionaldigital.com.br\/index.php?rest_route=\/wp\/v2\/media\/205756"}],"wp:attachment":[{"href":"https:\/\/diarioregionaldigital.com.br\/index.php?rest_route=%2Fwp%2Fv2%2Fmedia&parent=205755"}],"wp:term":[{"taxonomy":"category","embeddable":true,"href":"https:\/\/diarioregionaldigital.com.br\/index.php?rest_route=%2Fwp%2Fv2%2Fcategories&post=205755"},{"taxonomy":"post_tag","embeddable":true,"href":"https:\/\/diarioregionaldigital.com.br\/index.php?rest_route=%2Fwp%2Fv2%2Ftags&post=205755"}],"curies":[{"name":"wp","href":"https:\/\/api.w.org\/{rel}","templated":true}]}}