{"id":205752,"date":"2022-10-21T20:38:20","date_gmt":"2022-10-21T23:38:20","guid":{"rendered":"https:\/\/diarioregionaldigital.com.br\/?p=205752"},"modified":"2022-10-21T20:38:20","modified_gmt":"2022-10-21T23:38:20","slug":"superliga-comeca-com-nova-regra-contra-discriminacao","status":"publish","type":"post","link":"https:\/\/diarioregionaldigital.com.br\/?p=205752","title":{"rendered":"Superliga come\u00e7a com nova regra contra discrimina\u00e7\u00e3o"},"content":{"rendered":"<p>A temporada 2022\/23 da Superliga come\u00e7a \u00e0s 20h30 desta sexta-feira (21) com a competi\u00e7\u00e3o masculina com o duelo entre o atual campe\u00e3o Sada Cruzeiro (MG) e o estreante Rede Cuca V\u00f4lei (CE), \u00e0s 20h30 (hor\u00e1rio de Bras\u00edlia), em Fortaleza. A edi\u00e7\u00e3o da principal competi\u00e7\u00e3o de v\u00f4lei do Brasil \u2013 a\u00a0<a href=\"https:\/\/superliga.cbv.com.br\/tabela-de-jogos-feminino\">feminina\u00a0<\/a>come\u00e7a na pr\u00f3xima sexta (28) &#8211; ter\u00e1 pela primeira vez uma regra que prev\u00ea puni\u00e7\u00e3o em caso de atos discriminat\u00f3rios de qualquer natureza (ra\u00e7a, g\u00eanero, orienta\u00e7\u00e3o sexual e religi\u00e3o entre outros).<img decoding=\"async\" src=\"https:\/\/agenciabrasil.ebc.com.br\/ebc.png?id=1489516&amp;o=node\" \/><img decoding=\"async\" src=\"https:\/\/agenciabrasil.ebc.com.br\/ebc.gif?id=1489516&amp;o=node\" \/><\/p>\n<p>A norma, estabelecida pela Confedera\u00e7\u00e3o Brasileira de V\u00f4lei) vale para todos: atletas, dirigentes, treinadores, integrantes de comiss\u00f5es t\u00e9cnicas e at\u00e9 mesmo torcedores. O clube que n\u00e3o identificar o infrator em ser\u00e1 penalizado com perda de um ponto.<\/p>\n<p>Outra novidade da Superliga este ano ser\u00e1 a defini\u00e7\u00e3o dos vencedores (masculino e feminino) em uma final \u00fanica, diferentemente das edi\u00e7\u00f5es anteriores que previa disputa de melhor de tr\u00eas partidas. A competi\u00e7\u00e3o re\u00fane 12 equipes em cada g\u00eanero. A primeira fase (classificat\u00f3ria) ter\u00e1 jogos de idade e volta. Avan\u00e7am \u00e0s quartas de final as oito primeiras colocadas. A partir desta fase, a disputa se dar\u00e1 por melhor de tr\u00eas patidas, assim como nas semifinais.<\/p>\n<p>Entre os jogadores queSada Cruzeiro (MG) e o estreante Rede Cuca V\u00f4lei (CE),ar em quadra est\u00e1 o campe\u00e3o ol\u00edmpico Wallace, do Sada Cruzeiro<\/p>\n<blockquote><p>\u201cVamos enfrentar um time novo, ser\u00e1 interessante. Estou muito empolgado para esta nova temporada, motiva\u00e7\u00e3o alta. A nossa expectativa \u00e9 estarmos mais uma vez disputando t\u00edtulos, estar entre os times do topo da tabela\u201d, disse o oposto, em depoimento \u00e0 CBV.<\/p><\/blockquote>\n<h2>Programa\u00e7\u00e3o \u2013 primeira rodada<\/h2>\n<p><strong>Sexta-feira (21)<\/strong>\u00a0&#8211; 20h30 &#8211; Rede Cuca V\u00f4lei (CE) x Sada Cruzeiro (MG)<\/p>\n<p><strong>S\u00e1bado (22)<\/strong>\u00a0&#8211; 20h &#8211; Montes Claros Am\u00e9rica V\u00f4lei (MG) x Caf\u00e9 Vasconcelos\/Imepac\/Aracoop Araguari (MG) \u2013 site do\u00a0<a href=\"https:\/\/canalvoleibrasil.cbv.com.br\/\">Canal V\u00f4lei Brasil<\/a>\u00a0(transmiss\u00e3o ao vivo)<\/p>\n<p>21h30 &#8211; V\u00f4lei Renata (SP) x Farma Conde S\u00e3o Jos\u00e9 (SP) \u2013\u00a0<a href=\"https:\/\/canalvoleibrasil.cbv.com.br\/\">Canal V\u00f4lei Brasil<\/a><\/p>\n<p><strong>Domingo (23)\u00a0<\/strong>\u2013 19h &#8211; Sesi-SP x Suzano V\u00f4lei (SP)<\/p>\n<p>21h30 &#8211; Vedacit V\u00f4lei Guarulhos (SP) x Apan Eleva (SC) &#8211;\u00a0<a href=\"https:\/\/canalvoleibrasil.cbv.com.br\/\">Canal V\u00f4lei Brasil<\/a><\/p>\n<p><strong>Segunda-feira (24)<\/strong>\u00a0\u2013 19h &#8211; Bras\u00edlia V\u00f4lei (DF) x Itamb\u00e9 Minas (MG) &#8211;\u00a0<a href=\"https:\/\/canalvoleibrasil.cbv.com.br\/\">Canal V\u00f4lei Brasil\u00a0<\/a><\/p>\n<p><span style=\"font-weight: 400;\"><br \/>\n<\/span><span style=\"font-weight: 400;\">Fonte: Ag\u00eancia Brasil\u00a0<\/span><span style=\"font-weight: 400;\"><br \/>\n<\/span><\/p>\n","protected":false},"excerpt":{"rendered":"<p>A temporada 2022\/23 da Superliga come\u00e7a \u00e0s 20h30 desta sexta-feira (21) com a competi\u00e7\u00e3o masculina com o duelo entre o atual campe\u00e3o Sada Cruzeiro (MG) e o estreante Rede Cuca V\u00f4lei (CE), \u00e0s 20h30 (hor\u00e1rio de Bras\u00edlia), em Fortaleza. A edi\u00e7\u00e3o da principal competi\u00e7\u00e3o de v\u00f4lei do Brasil \u2013 a\u00a0feminina\u00a0come\u00e7a na pr\u00f3xima sexta (28) &#8211; [&hellip;]<\/p>\n","protected":false},"author":246,"featured_media":205753,"comment_status":"closed","ping_status":"closed","sticky":false,"template":"","format":"standard","meta":{"footnotes":""},"categories":[436,440,257,439],"tags":[],"class_list":["post-205752","post","type-post","status-publish","format-standard","has-post-thumbnail","hentry","category-destaque-da-semana","category-destaques-do-dia","category-esporte","category-ultima-hora"],"_links":{"self":[{"href":"https:\/\/diarioregionaldigital.com.br\/index.php?rest_route=\/wp\/v2\/posts\/205752","targetHints":{"allow":["GET"]}}],"collection":[{"href":"https:\/\/diarioregionaldigital.com.br\/index.php?rest_route=\/wp\/v2\/posts"}],"about":[{"href":"https:\/\/diarioregionaldigital.com.br\/index.php?rest_route=\/wp\/v2\/types\/post"}],"author":[{"embeddable":true,"href":"https:\/\/diarioregionaldigital.com.br\/index.php?rest_route=\/wp\/v2\/users\/246"}],"replies":[{"embeddable":true,"href":"https:\/\/diarioregionaldigital.com.br\/index.php?rest_route=%2Fwp%2Fv2%2Fcomments&post=205752"}],"version-history":[{"count":1,"href":"https:\/\/diarioregionaldigital.com.br\/index.php?rest_route=\/wp\/v2\/posts\/205752\/revisions"}],"predecessor-version":[{"id":205754,"href":"https:\/\/diarioregionaldigital.com.br\/index.php?rest_route=\/wp\/v2\/posts\/205752\/revisions\/205754"}],"wp:featuredmedia":[{"embeddable":true,"href":"https:\/\/diarioregionaldigital.com.br\/index.php?rest_route=\/wp\/v2\/media\/205753"}],"wp:attachment":[{"href":"https:\/\/diarioregionaldigital.com.br\/index.php?rest_route=%2Fwp%2Fv2%2Fmedia&parent=205752"}],"wp:term":[{"taxonomy":"category","embeddable":true,"href":"https:\/\/diarioregionaldigital.com.br\/index.php?rest_route=%2Fwp%2Fv2%2Fcategories&post=205752"},{"taxonomy":"post_tag","embeddable":true,"href":"https:\/\/diarioregionaldigital.com.br\/index.php?rest_route=%2Fwp%2Fv2%2Ftags&post=205752"}],"curies":[{"name":"wp","href":"https:\/\/api.w.org\/{rel}","templated":true}]}}