{"id":205746,"date":"2022-10-21T20:26:48","date_gmt":"2022-10-21T23:26:48","guid":{"rendered":"https:\/\/diarioregionaldigital.com.br\/?p=205746"},"modified":"2022-10-21T20:26:48","modified_gmt":"2022-10-21T23:26:48","slug":"stf-forma-maioria-sobre-licenca-maternidade-apos-alta-hospitalar","status":"publish","type":"post","link":"https:\/\/diarioregionaldigital.com.br\/?p=205746","title":{"rendered":"STF forma maioria sobre licen\u00e7a-maternidade ap\u00f3s alta hospitalar"},"content":{"rendered":"<div class=\"post-item-wrap\">\n<p>O plen\u00e1rio do Supremo Tribunal Federal (STF) formou hoje (21) maioria de votos para manter a decis\u00e3o que garante o in\u00edcio da licen\u00e7a-maternidade ap\u00f3s alta hospitalar da m\u00e3e ou do rec\u00e9m-nascido, o que ocorrer por \u00faltimo. O entendimento vale para interna\u00e7\u00f5es longas, acima do per\u00edodo de duas semanas, e atinge casos de partos prematuros.<img decoding=\"async\" src=\"https:\/\/agenciabrasil.ebc.com.br\/ebc.png?id=1489528&amp;o=node\" \/><img decoding=\"async\" src=\"https:\/\/agenciabrasil.ebc.com.br\/ebc.gif?id=1489528&amp;o=node\" \/><\/p>\n<p>O efeito da decis\u00e3o \u00e9 imediato para todas as gestantes e m\u00e3es que t\u00eam contrato de trabalho formal, regido pela Consolida\u00e7\u00e3o das Leis do Trabalho (CLT).<\/p>\n<p>O caso chegou ao Supremo por meio de uma a\u00e7\u00e3o protocolada pelo partido Solidariedade.<\/p>\n<p>Em mar\u00e7o de 2020, ao conceder a liminar sobre a quest\u00e3o,\u00a0<a href=\"https:\/\/agenciabrasil.ebc.com.br\/saude\/noticia\/2020-03\/fachin-amplia-licenca-maternidade-de-maes-de-bebes-prematuros\" target=\"_blank\" rel=\"noopener\">o ministro Edson Fachin, relator da a\u00e7\u00e3o<\/a>, entendeu que o in\u00edcio da contagem da licen\u00e7a somente a partir do momento da alta \u00e9 um direito n\u00e3o apenas da genitora, mas tamb\u00e9m do pr\u00f3prio rec\u00e9m-nascido.<\/p>\n<p>De acordo com a CLT, o afastamento da gestante pode ocorrer entre o 28\u00b0 dia antes do parto e a data de nascimento do beb\u00ea.<\/p>\n<p>Pela legisla\u00e7\u00e3o atual, a licen\u00e7a-maternidade tem dura\u00e7\u00e3o de 120 dias, per\u00edodo no qual a mulher tem direito ao sal\u00e1rio-maternidade, cujos custos devem ser arcados pela Previd\u00eancia Social.<\/p>\n<p>O ministro Edson Fachin argumentou que h\u00e1 previs\u00e3o de extens\u00e3o da licen\u00e7a em duas semanas mediante apresenta\u00e7\u00e3o de atestado m\u00e9dico, mas a medida n\u00e3o ocorre no caso de longas interna\u00e7\u00f5es, que envolvem nascimentos prematuros, antes da 37\u00aa semana de gesta\u00e7\u00e3o.<\/p>\n<p>O caso foi julgado no plen\u00e1rio virtual, modalidade de vota\u00e7\u00e3o na qual os votos s\u00e3o inseridos em um sistema eletr\u00f4nico e n\u00e3o h\u00e1 delibera\u00e7\u00e3o presencial.<\/p>\n<p>At\u00e9 o momento, sete ministros votaram para referendar a liminar. Faltam quatro votos. O julgamento virtual ser\u00e1 encerrado \u00e0 meia-noite.<\/p>\n<\/div>\n<p class=\"alt-font font-italic my-2 small text-info\"><span style=\"font-weight: 400;\"><br \/>\n<\/span><span style=\"font-weight: 400;\">Fonte: Ag\u00eancia Brasil <\/span><\/p>\n","protected":false},"excerpt":{"rendered":"<p>O plen\u00e1rio do Supremo Tribunal Federal (STF) formou hoje (21) maioria de votos para manter a decis\u00e3o que garante o in\u00edcio da licen\u00e7a-maternidade ap\u00f3s alta hospitalar da m\u00e3e ou do rec\u00e9m-nascido, o que ocorrer por \u00faltimo. O entendimento vale para interna\u00e7\u00f5es longas, acima do per\u00edodo de duas semanas, e atinge casos de partos prematuros. O [&hellip;]<\/p>\n","protected":false},"author":246,"featured_media":205747,"comment_status":"closed","ping_status":"closed","sticky":false,"template":"","format":"standard","meta":{"footnotes":""},"categories":[436,254,439],"tags":[],"class_list":["post-205746","post","type-post","status-publish","format-standard","has-post-thumbnail","hentry","category-destaque-da-semana","category-politica","category-ultima-hora"],"_links":{"self":[{"href":"https:\/\/diarioregionaldigital.com.br\/index.php?rest_route=\/wp\/v2\/posts\/205746","targetHints":{"allow":["GET"]}}],"collection":[{"href":"https:\/\/diarioregionaldigital.com.br\/index.php?rest_route=\/wp\/v2\/posts"}],"about":[{"href":"https:\/\/diarioregionaldigital.com.br\/index.php?rest_route=\/wp\/v2\/types\/post"}],"author":[{"embeddable":true,"href":"https:\/\/diarioregionaldigital.com.br\/index.php?rest_route=\/wp\/v2\/users\/246"}],"replies":[{"embeddable":true,"href":"https:\/\/diarioregionaldigital.com.br\/index.php?rest_route=%2Fwp%2Fv2%2Fcomments&post=205746"}],"version-history":[{"count":1,"href":"https:\/\/diarioregionaldigital.com.br\/index.php?rest_route=\/wp\/v2\/posts\/205746\/revisions"}],"predecessor-version":[{"id":205748,"href":"https:\/\/diarioregionaldigital.com.br\/index.php?rest_route=\/wp\/v2\/posts\/205746\/revisions\/205748"}],"wp:featuredmedia":[{"embeddable":true,"href":"https:\/\/diarioregionaldigital.com.br\/index.php?rest_route=\/wp\/v2\/media\/205747"}],"wp:attachment":[{"href":"https:\/\/diarioregionaldigital.com.br\/index.php?rest_route=%2Fwp%2Fv2%2Fmedia&parent=205746"}],"wp:term":[{"taxonomy":"category","embeddable":true,"href":"https:\/\/diarioregionaldigital.com.br\/index.php?rest_route=%2Fwp%2Fv2%2Fcategories&post=205746"},{"taxonomy":"post_tag","embeddable":true,"href":"https:\/\/diarioregionaldigital.com.br\/index.php?rest_route=%2Fwp%2Fv2%2Ftags&post=205746"}],"curies":[{"name":"wp","href":"https:\/\/api.w.org\/{rel}","templated":true}]}}