{"id":205740,"date":"2022-10-21T20:19:31","date_gmt":"2022-10-21T23:19:31","guid":{"rendered":"https:\/\/diarioregionaldigital.com.br\/?p=205740"},"modified":"2022-10-21T20:19:31","modified_gmt":"2022-10-21T23:19:31","slug":"pgr-questiona-norma-do-tse-sobre-retirar-postagens-das-redes-sociais","status":"publish","type":"post","link":"https:\/\/diarioregionaldigital.com.br\/?p=205740","title":{"rendered":"PGR questiona norma do TSE sobre retirar postagens das redes sociais"},"content":{"rendered":"<p>O procurador-geral da Rep\u00fablica, Augusto Aras, pediu ao Supremo Tribunal Federal (STF) a suspens\u00e3o de trechos da resolu\u00e7\u00e3o aprovada ontem (20) pelo Tribunal Superior Eleitoral (TSE) com objetivo de agilizar a retirada do ar postagens das redes sociais que\u00a0<a href=\"https:\/\/agenciabrasil.ebc.com.br\/politica\/noticia\/2022-10\/resolucao-do-tse-acelera-retirada-de-fake-news-de-sites\" target=\"_blank\" rel=\"noopener\">forem consideradas falsas pelo tribunal<\/a>. \u00a0<img decoding=\"async\" src=\"https:\/\/agenciabrasil.ebc.com.br\/ebc.png?id=1489542&amp;o=node\" \/><img decoding=\"async\" src=\"https:\/\/agenciabrasil.ebc.com.br\/ebc.gif?id=1489542&amp;o=node\" \/><\/p>\n<p>Na a\u00e7\u00e3o, Aras afirmou que trechos da norma s\u00e3o inconstitucionais por violarem as fun\u00e7\u00f5es institucionais do Minist\u00e9rio P\u00fablico, a liberdade de express\u00e3o, veda\u00e7\u00e3o \u00e0 censura pr\u00e9via e a compet\u00eancia do Legislativo para criar normas eleitorais.<\/p>\n<p>Entre os trechos impugnados, Aras contesta o artigo que impede a divulga\u00e7\u00e3o ou compartilhamento de fatos sabidamente inver\u00eddicos ou gravemente descontextualizados.<\/p>\n<p>No entendimento do procurador, a proibi\u00e7\u00e3o n\u00e3o deve alcan\u00e7ar a livre manifesta\u00e7\u00e3o de opini\u00f5es e de informa\u00e7\u00e3o.<\/p>\n<p>&#8220;O ant\u00eddoto para a desinforma\u00e7\u00e3o \u00e9 mais informa\u00e7\u00e3o, e n\u00e3o a censura. No espa\u00e7o democr\u00e1tico, a palavra, o voto, \u00e9 o poder do cidad\u00e3o. O sufr\u00e1gio universal n\u00e3o se limita ao momento de depositar o voto na urna, na manifesta\u00e7\u00e3o direta do poder de decidir os rumos da na\u00e7\u00e3o. A democracia se faz com a participa\u00e7\u00e3o ativa dos cidad\u00e3os, sobretudo nos espa\u00e7os de di\u00e1logo, sendo que a internet revela-se hoje como espa\u00e7o dos mais acess\u00edveis para a manifesta\u00e7\u00e3o do pensamento&#8221;, disse Aras.<\/p>\n<p>Sobre a regra que possibilita a suspens\u00e3o tempor\u00e1ria de perfis em redes sociais em casos de produ\u00e7\u00e3o sistem\u00e1tica de desinforma\u00e7\u00e3o, Augusto Aras argumentou que a medida \u00e9 desproporcional e que o uso abusivo deve ser corrigido com a retirada ao ar de conte\u00fados e n\u00e3o de todo o canal.<\/p>\n<p>&#8220;H\u00e1 que se ter em conta que, na atualidade, perfis e contas pessoais em plataformas digitais constituem espa\u00e7os muitas vezes utilizados para atua\u00e7\u00e3o profissional, cient\u00edfica, art\u00edstica ou eclesi\u00e1stica. Eventual uso abusivo daqueles meios h\u00e1 de ser corrigido pela retirada de conte\u00fados, mas n\u00e3o por supress\u00e3o desses espa\u00e7os, alijando as pessoas de seus ambientes virtuais de atua\u00e7\u00e3o, no exerc\u00edcio da cidadania&#8221;, afirmou.<\/p>\n<p>Por fim, o procurador-geral da Rep\u00fablica tamb\u00e9m contestou o trecho que amplia os poderes do presidente do TSE, ministro Alexandre de Moraes, para dar estender decis\u00f5es tomadas pelo plen\u00e1rio para retirada de conte\u00fados.<\/p>\n<p>&#8220;A Resolu\u00e7\u00e3o TSE 23.714\/2022 exorbita do poder regulamentar e inova no ordenamento jur\u00eddico, criando possibilidade de atua\u00e7\u00e3o judicial monocr\u00e1tica de of\u00edcio, com elevada carga de discricionariedade ao conferir uma esp\u00e9cie de carta em branco, pela qual se atribui \u00e0 presid\u00eancia do TSE um ju\u00edzo extensivo e ampliativo das decis\u00f5es colegiadas, conferindo-lhe o arb\u00edtrio de dizer o que s\u00e3o situa\u00e7\u00f5es com id\u00eanticos conte\u00fados, malferindo o Estado democr\u00e1tico de direito&#8221;, concluiu.<\/p>\n<p>A a\u00e7\u00e3o foi distribu\u00edda eletronicamente para o ministro Edson Fachin, que atuar\u00e1 como relator do caso. N\u00e3o h\u00e1 prazo para decis\u00e3o.<\/p>\n<p><span style=\"font-weight: 400;\">Fonte: Ag\u00eancia Brasil <\/span><\/p>\n","protected":false},"excerpt":{"rendered":"<p>O procurador-geral da Rep\u00fablica, Augusto Aras, pediu ao Supremo Tribunal Federal (STF) a suspens\u00e3o de trechos da resolu\u00e7\u00e3o aprovada ontem (20) pelo Tribunal Superior Eleitoral (TSE) com objetivo de agilizar a retirada do ar postagens das redes sociais que\u00a0forem consideradas falsas pelo tribunal. \u00a0 Na a\u00e7\u00e3o, Aras afirmou que trechos da norma s\u00e3o inconstitucionais por [&hellip;]<\/p>\n","protected":false},"author":246,"featured_media":205741,"comment_status":"closed","ping_status":"closed","sticky":false,"template":"","format":"standard","meta":{"footnotes":""},"categories":[436,440,254,439],"tags":[],"class_list":["post-205740","post","type-post","status-publish","format-standard","has-post-thumbnail","hentry","category-destaque-da-semana","category-destaques-do-dia","category-politica","category-ultima-hora"],"_links":{"self":[{"href":"https:\/\/diarioregionaldigital.com.br\/index.php?rest_route=\/wp\/v2\/posts\/205740","targetHints":{"allow":["GET"]}}],"collection":[{"href":"https:\/\/diarioregionaldigital.com.br\/index.php?rest_route=\/wp\/v2\/posts"}],"about":[{"href":"https:\/\/diarioregionaldigital.com.br\/index.php?rest_route=\/wp\/v2\/types\/post"}],"author":[{"embeddable":true,"href":"https:\/\/diarioregionaldigital.com.br\/index.php?rest_route=\/wp\/v2\/users\/246"}],"replies":[{"embeddable":true,"href":"https:\/\/diarioregionaldigital.com.br\/index.php?rest_route=%2Fwp%2Fv2%2Fcomments&post=205740"}],"version-history":[{"count":1,"href":"https:\/\/diarioregionaldigital.com.br\/index.php?rest_route=\/wp\/v2\/posts\/205740\/revisions"}],"predecessor-version":[{"id":205742,"href":"https:\/\/diarioregionaldigital.com.br\/index.php?rest_route=\/wp\/v2\/posts\/205740\/revisions\/205742"}],"wp:featuredmedia":[{"embeddable":true,"href":"https:\/\/diarioregionaldigital.com.br\/index.php?rest_route=\/wp\/v2\/media\/205741"}],"wp:attachment":[{"href":"https:\/\/diarioregionaldigital.com.br\/index.php?rest_route=%2Fwp%2Fv2%2Fmedia&parent=205740"}],"wp:term":[{"taxonomy":"category","embeddable":true,"href":"https:\/\/diarioregionaldigital.com.br\/index.php?rest_route=%2Fwp%2Fv2%2Fcategories&post=205740"},{"taxonomy":"post_tag","embeddable":true,"href":"https:\/\/diarioregionaldigital.com.br\/index.php?rest_route=%2Fwp%2Fv2%2Ftags&post=205740"}],"curies":[{"name":"wp","href":"https:\/\/api.w.org\/{rel}","templated":true}]}}