{"id":205737,"date":"2022-10-21T20:14:11","date_gmt":"2022-10-21T23:14:11","guid":{"rendered":"https:\/\/diarioregionaldigital.com.br\/?p=205737"},"modified":"2022-10-21T20:14:11","modified_gmt":"2022-10-21T23:14:11","slug":"dolar-cai-para-r-514-e-atinge-menor-valor-em-um-mes","status":"publish","type":"post","link":"https:\/\/diarioregionaldigital.com.br\/?p=205737","title":{"rendered":"D\u00f3lar cai para R$ 5,14 e atinge menor valor em um m\u00eas"},"content":{"rendered":"<p>Em mais um dia de tr\u00e9gua no mercado financeiro internacional, o d\u00f3lar teve forte queda e chegou ao menor valor em um m\u00eas. A bolsa de valores subiu mais de 2% e fechou no n\u00edvel mais alto desde o in\u00edcio\u00a0de abril.<\/p>\n<p>O d\u00f3lar comercial encerrou esta\u00a0sexta-feira (21) vendido a R$ 5,148, com recuo de R$ 0,07 (-1,33%). A cota\u00e7\u00e3o operou em baixa durante toda a sess\u00e3o, at\u00e9 fechar pr\u00f3xima da m\u00ednima do dia.<\/p>\n<p>Apenas nesta semana, a moeda norte-americana caiu 3,27%. Nos \u00faltimos dias, o d\u00f3lar recuou com a ren\u00fancia da primeira-ministra brit\u00e2nica, Liz Truss, e com as expectativas de que o Federal Reserve (Fed, Banco Central norte-americano) desacelere as altas de juros a partir\u00a0de dezembro.<\/p>\n<p>A cota\u00e7\u00e3o est\u00e1 no menor valor desde\u00a022 de setembro. A divisa acumula queda de 1,33% em outubro e cai 7,68% em 2022.<\/p>\n<p>No mercado de a\u00e7\u00f5es, o dia foi marcado pela euforia. O \u00edndice Ibovespa, da B3, fechou aos 119.929 pontos, com alta de 2,33%. O indicador atingiu o maior patamar desde\u00a04 de abril.<\/p>\n<p>O mercado financeiro global teve um dia de otimismo, embalado por declara\u00e7\u00f5es de um dirigente do Fed de que o momento de desacelerar as altas de juros est\u00e1 pr\u00f3ximo. A expectativa \u00e9 que o \u00f3rg\u00e3o eleve os juros b\u00e1sicos em 0,75 em novembro e aumente a taxa em 0,5 ponto em dezembro.<\/p>\n<p>Juros mais altos nos Estados Unidos estimulam a fuga de capitais de pa\u00edses emergentes, como o Brasil. Uma desacelera\u00e7\u00e3o nas altas alivia os mercados emergentes e reduz as chances de recess\u00e3o na economia norte-americana e eleva a cota\u00e7\u00e3o do petr\u00f3leo nos mercados internacionais.<\/p>\n<p><span style=\"font-weight: 400;\">Fonte: Ag\u00eancia Brasil <\/span><\/p>\n","protected":false},"excerpt":{"rendered":"<p>Em mais um dia de tr\u00e9gua no mercado financeiro internacional, o d\u00f3lar teve forte queda e chegou ao menor valor em um m\u00eas. A bolsa de valores subiu mais de 2% e fechou no n\u00edvel mais alto desde o in\u00edcio\u00a0de abril. O d\u00f3lar comercial encerrou esta\u00a0sexta-feira (21) vendido a R$ 5,148, com recuo de R$ [&hellip;]<\/p>\n","protected":false},"author":246,"featured_media":205738,"comment_status":"closed","ping_status":"closed","sticky":false,"template":"","format":"standard","meta":{"footnotes":""},"categories":[436,261,439],"tags":[],"class_list":["post-205737","post","type-post","status-publish","format-standard","has-post-thumbnail","hentry","category-destaque-da-semana","category-economia","category-ultima-hora"],"_links":{"self":[{"href":"https:\/\/diarioregionaldigital.com.br\/index.php?rest_route=\/wp\/v2\/posts\/205737","targetHints":{"allow":["GET"]}}],"collection":[{"href":"https:\/\/diarioregionaldigital.com.br\/index.php?rest_route=\/wp\/v2\/posts"}],"about":[{"href":"https:\/\/diarioregionaldigital.com.br\/index.php?rest_route=\/wp\/v2\/types\/post"}],"author":[{"embeddable":true,"href":"https:\/\/diarioregionaldigital.com.br\/index.php?rest_route=\/wp\/v2\/users\/246"}],"replies":[{"embeddable":true,"href":"https:\/\/diarioregionaldigital.com.br\/index.php?rest_route=%2Fwp%2Fv2%2Fcomments&post=205737"}],"version-history":[{"count":1,"href":"https:\/\/diarioregionaldigital.com.br\/index.php?rest_route=\/wp\/v2\/posts\/205737\/revisions"}],"predecessor-version":[{"id":205739,"href":"https:\/\/diarioregionaldigital.com.br\/index.php?rest_route=\/wp\/v2\/posts\/205737\/revisions\/205739"}],"wp:featuredmedia":[{"embeddable":true,"href":"https:\/\/diarioregionaldigital.com.br\/index.php?rest_route=\/wp\/v2\/media\/205738"}],"wp:attachment":[{"href":"https:\/\/diarioregionaldigital.com.br\/index.php?rest_route=%2Fwp%2Fv2%2Fmedia&parent=205737"}],"wp:term":[{"taxonomy":"category","embeddable":true,"href":"https:\/\/diarioregionaldigital.com.br\/index.php?rest_route=%2Fwp%2Fv2%2Fcategories&post=205737"},{"taxonomy":"post_tag","embeddable":true,"href":"https:\/\/diarioregionaldigital.com.br\/index.php?rest_route=%2Fwp%2Fv2%2Ftags&post=205737"}],"curies":[{"name":"wp","href":"https:\/\/api.w.org\/{rel}","templated":true}]}}