{"id":205731,"date":"2022-10-21T20:09:36","date_gmt":"2022-10-21T23:09:36","guid":{"rendered":"https:\/\/diarioregionaldigital.com.br\/?p=205731"},"modified":"2022-10-21T20:09:36","modified_gmt":"2022-10-21T23:09:36","slug":"caixa-suspende-operacoes-consignadas-no-auxilio-brasil","status":"publish","type":"post","link":"https:\/\/diarioregionaldigital.com.br\/?p=205731","title":{"rendered":"Caixa suspende opera\u00e7\u00f5es consignadas no Aux\u00edlio Brasil"},"content":{"rendered":"<p>A concess\u00e3o de empr\u00e9stimos do cr\u00e9dito consignado do Aux\u00edlio Brasil est\u00e1 suspensa desde as 18h de hoje (21) at\u00e9 as 7h da pr\u00f3xima segunda-feira (24), informou a Caixa Econ\u00f4mica Federal. Segundo a institui\u00e7\u00e3o, uma manuten\u00e7\u00e3o tecnol\u00f3gica interrompeu a oferta.<img decoding=\"async\" src=\"https:\/\/agenciabrasil.ebc.com.br\/ebc.png?id=1489531&amp;o=node\" \/><img decoding=\"async\" src=\"https:\/\/agenciabrasil.ebc.com.br\/ebc.gif?id=1489531&amp;o=node\" \/><\/p>\n<p>&#8220;A Dataprev e a Caixa realizar\u00e3o manuten\u00e7\u00e3o programada em seus ambientes tecnol\u00f3gicos. Com isso, a opera\u00e7\u00e3o do Consignado Aux\u00edlio ficar\u00e1 indispon\u00edvel em todos os canais de 18h desta sexta-feira at\u00e9 7h da pr\u00f3xima segunda-feira&#8221;, informou o banco em comunicado.<\/p>\n<p>A decis\u00e3o ocorre no dia em que o Tribunal de Contas da Uni\u00e3o (TCU) deve decidir sobre um pedido de cautelar do Minist\u00e9rio P\u00fablico junto ao TCU para suspender a oferta do cr\u00e9dito consignado do Aux\u00edlio Brasil.<\/p>\n<p>Desde o dia 11, a Caixa empresta o cr\u00e9dito consignado do Aux\u00edlio Brasil com juros de 3,45% ao ano. O empr\u00e9stimo, descontado diretamente do benef\u00edcio, pode ser dividido em 24 meses, com presta\u00e7\u00e3o m\u00ednima de R$ 15 e m\u00e1xima de 40% do valor do benef\u00edcio.<\/p>\n<p>S\u00f3 pode ter acesso \u00e0 linha de cr\u00e9dito o respons\u00e1vel familiar que recebe o Aux\u00edlio Brasil h\u00e1 pelo menos 90 dias e que n\u00e3o tenha deixado de comparecer a qualquer convoca\u00e7\u00e3o de recadastramento do Minist\u00e9rio da Cidadania.<\/p>\n<p><span style=\"font-weight: 400;\">Fonte: Ag\u00eancia Brasil <\/span><\/p>\n","protected":false},"excerpt":{"rendered":"<p>A concess\u00e3o de empr\u00e9stimos do cr\u00e9dito consignado do Aux\u00edlio Brasil est\u00e1 suspensa desde as 18h de hoje (21) at\u00e9 as 7h da pr\u00f3xima segunda-feira (24), informou a Caixa Econ\u00f4mica Federal. Segundo a institui\u00e7\u00e3o, uma manuten\u00e7\u00e3o tecnol\u00f3gica interrompeu a oferta. &#8220;A Dataprev e a Caixa realizar\u00e3o manuten\u00e7\u00e3o programada em seus ambientes tecnol\u00f3gicos. Com isso, a opera\u00e7\u00e3o [&hellip;]<\/p>\n","protected":false},"author":246,"featured_media":205732,"comment_status":"closed","ping_status":"closed","sticky":false,"template":"","format":"standard","meta":{"footnotes":""},"categories":[436,261,439],"tags":[],"class_list":["post-205731","post","type-post","status-publish","format-standard","has-post-thumbnail","hentry","category-destaque-da-semana","category-economia","category-ultima-hora"],"_links":{"self":[{"href":"https:\/\/diarioregionaldigital.com.br\/index.php?rest_route=\/wp\/v2\/posts\/205731","targetHints":{"allow":["GET"]}}],"collection":[{"href":"https:\/\/diarioregionaldigital.com.br\/index.php?rest_route=\/wp\/v2\/posts"}],"about":[{"href":"https:\/\/diarioregionaldigital.com.br\/index.php?rest_route=\/wp\/v2\/types\/post"}],"author":[{"embeddable":true,"href":"https:\/\/diarioregionaldigital.com.br\/index.php?rest_route=\/wp\/v2\/users\/246"}],"replies":[{"embeddable":true,"href":"https:\/\/diarioregionaldigital.com.br\/index.php?rest_route=%2Fwp%2Fv2%2Fcomments&post=205731"}],"version-history":[{"count":1,"href":"https:\/\/diarioregionaldigital.com.br\/index.php?rest_route=\/wp\/v2\/posts\/205731\/revisions"}],"predecessor-version":[{"id":205733,"href":"https:\/\/diarioregionaldigital.com.br\/index.php?rest_route=\/wp\/v2\/posts\/205731\/revisions\/205733"}],"wp:featuredmedia":[{"embeddable":true,"href":"https:\/\/diarioregionaldigital.com.br\/index.php?rest_route=\/wp\/v2\/media\/205732"}],"wp:attachment":[{"href":"https:\/\/diarioregionaldigital.com.br\/index.php?rest_route=%2Fwp%2Fv2%2Fmedia&parent=205731"}],"wp:term":[{"taxonomy":"category","embeddable":true,"href":"https:\/\/diarioregionaldigital.com.br\/index.php?rest_route=%2Fwp%2Fv2%2Fcategories&post=205731"},{"taxonomy":"post_tag","embeddable":true,"href":"https:\/\/diarioregionaldigital.com.br\/index.php?rest_route=%2Fwp%2Fv2%2Ftags&post=205731"}],"curies":[{"name":"wp","href":"https:\/\/api.w.org\/{rel}","templated":true}]}}