{"id":205719,"date":"2022-10-20T18:36:07","date_gmt":"2022-10-20T21:36:07","guid":{"rendered":"https:\/\/diarioregionaldigital.com.br\/?p=205719"},"modified":"2022-10-20T18:36:07","modified_gmt":"2022-10-20T21:36:07","slug":"pjf-conclui-recapeamento-na-avenida-pedro-afonso-pinheiro-no-bairro-santa-efigenia","status":"publish","type":"post","link":"https:\/\/diarioregionaldigital.com.br\/?p=205719","title":{"rendered":"PJF conclui recapeamento na avenida Pedro Afonso Pinheiro, no bairro Santa Efig\u00eania"},"content":{"rendered":"<p>Segundo informa\u00e7\u00f5es do site da Prefeitura de Juiz de Fora (PJF), foi conclu\u00eddo pela PJF na tarde desta quinta-feira, 20, o recapeamento asf\u00e1ltico da Avenida Pedro Afonso Pinheiro, no bairro Santa Efig\u00eania, zona sul da cidade. Os trabalhos, que foram iniciados no dia 13 de outubro, levaram para os moradores da regi\u00e3o quase um quil\u00f4metro de asfalto novo.<\/p>\n<p>A Avenida Pedro Afonso Pinheiro \u00e9 uma importante passagem que liga diversos bairros da zona sul, como Santa Efig\u00eania, Jardim Ga\u00facho, Santa Luzia e Teixeiras. A a\u00e7\u00e3o era uma antiga reivindica\u00e7\u00e3o da popula\u00e7\u00e3o, que agora conta com mais conforto, seguran\u00e7a e mobilidade ao transitar pelo local.<\/p>\n<p><strong>Opera\u00e7\u00e3o tapa-buracos<\/strong><\/p>\n<p>Al\u00e9m do recapeamento conclu\u00eddo no Santa Efig\u00eania, outros 11 bairros foram atendidos pelas equipes da Empresa Municipal de Pavimenta\u00e7\u00e3o e Urbanidades (Empav). No total, 13 vias receberam atendimentos da opera\u00e7\u00e3o tapa-buracos.<\/p>\n<p>Os trabalhos da Empav seguem em andamento em diversos pontos da cidade. Vale ressaltar que a programa\u00e7\u00e3o completa das atividades realizadas pela Empav pode ser acompanhada diariamente atrav\u00e9s da p\u00e1gina do Gabinete de A\u00e7\u00e3o e Di\u00e1logo Comunit\u00e1rio, pelo<a href=\"https:\/\/www.pjf.mg.gov.br\/gabinetecomunitario\/#onde\">\u00a0<strong>link<\/strong><\/a>.<\/p>\n<p>Todas as a\u00e7\u00f5es de reestrutura\u00e7\u00e3o, urbaniza\u00e7\u00e3o e zeladoria realizadas pela Empav fazem parte do Programa Boniteza. Estes e outros servi\u00e7os podem ser solicitados atrav\u00e9s do Gabinete de A\u00e7\u00e3o e Di\u00e1logo Comunit\u00e1rio, que recebe e organiza pedidos relativos a interven\u00e7\u00f5es e melhorias urbanas. O contato pode ser feito por liga\u00e7\u00e3o telef\u00f4nica, pelo n\u00famero (32) 3690-7241 ou, ainda, via WhatsApp, utilizando o mesmo n\u00famero.<\/p>\n","protected":false},"excerpt":{"rendered":"<p>Segundo informa\u00e7\u00f5es do site da Prefeitura de Juiz de Fora (PJF), foi conclu\u00eddo pela PJF na tarde desta quinta-feira, 20, o recapeamento asf\u00e1ltico da Avenida Pedro Afonso Pinheiro, no bairro Santa Efig\u00eania, zona sul da cidade. Os trabalhos, que foram iniciados no dia 13 de outubro, levaram para os moradores da regi\u00e3o quase um quil\u00f4metro [&hellip;]<\/p>\n","protected":false},"author":246,"featured_media":205720,"comment_status":"closed","ping_status":"closed","sticky":false,"template":"","format":"standard","meta":{"footnotes":""},"categories":[253,436,439],"tags":[],"class_list":["post-205719","post","type-post","status-publish","format-standard","has-post-thumbnail","hentry","category-cidade","category-destaque-da-semana","category-ultima-hora"],"_links":{"self":[{"href":"https:\/\/diarioregionaldigital.com.br\/index.php?rest_route=\/wp\/v2\/posts\/205719","targetHints":{"allow":["GET"]}}],"collection":[{"href":"https:\/\/diarioregionaldigital.com.br\/index.php?rest_route=\/wp\/v2\/posts"}],"about":[{"href":"https:\/\/diarioregionaldigital.com.br\/index.php?rest_route=\/wp\/v2\/types\/post"}],"author":[{"embeddable":true,"href":"https:\/\/diarioregionaldigital.com.br\/index.php?rest_route=\/wp\/v2\/users\/246"}],"replies":[{"embeddable":true,"href":"https:\/\/diarioregionaldigital.com.br\/index.php?rest_route=%2Fwp%2Fv2%2Fcomments&post=205719"}],"version-history":[{"count":1,"href":"https:\/\/diarioregionaldigital.com.br\/index.php?rest_route=\/wp\/v2\/posts\/205719\/revisions"}],"predecessor-version":[{"id":205721,"href":"https:\/\/diarioregionaldigital.com.br\/index.php?rest_route=\/wp\/v2\/posts\/205719\/revisions\/205721"}],"wp:featuredmedia":[{"embeddable":true,"href":"https:\/\/diarioregionaldigital.com.br\/index.php?rest_route=\/wp\/v2\/media\/205720"}],"wp:attachment":[{"href":"https:\/\/diarioregionaldigital.com.br\/index.php?rest_route=%2Fwp%2Fv2%2Fmedia&parent=205719"}],"wp:term":[{"taxonomy":"category","embeddable":true,"href":"https:\/\/diarioregionaldigital.com.br\/index.php?rest_route=%2Fwp%2Fv2%2Fcategories&post=205719"},{"taxonomy":"post_tag","embeddable":true,"href":"https:\/\/diarioregionaldigital.com.br\/index.php?rest_route=%2Fwp%2Fv2%2Ftags&post=205719"}],"curies":[{"name":"wp","href":"https:\/\/api.w.org\/{rel}","templated":true}]}}