{"id":205716,"date":"2022-10-20T18:34:00","date_gmt":"2022-10-20T21:34:00","guid":{"rendered":"https:\/\/diarioregionaldigital.com.br\/?p=205716"},"modified":"2022-10-20T18:34:00","modified_gmt":"2022-10-20T21:34:00","slug":"terceira-oficina-do-projeto-cultura-de-paz-reune-67-profissionais-da-saude-de-juiz-de-fora","status":"publish","type":"post","link":"https:\/\/diarioregionaldigital.com.br\/?p=205716","title":{"rendered":"Terceira oficina do Projeto Cultura de Paz re\u00fane 67 profissionais da Sa\u00fade de Juiz de Fora"},"content":{"rendered":"<p>Segundo informa\u00e7\u00f5es do site da Prefeitura de Juiz de Fora (PJF), \u201cConvivo com muitos casos de viol\u00eancia na UBS em que atuo. Para mim, a oficina est\u00e1 sendo muito importante para me ajudar a direcionar melhor as situa\u00e7\u00f5es de suspeita de viol\u00eancia\u201d. Foi assim que a enfermeira da UBS Joquei II, Priscila Sanches Aquino de Oliveira, sintetiza como as oficinas do projeto \u201cCultura de Paz e Preven\u00e7\u00e3o das Viol\u00eancias: Tecendo Redes\u201d, parceria entre a Prefeitura de Juiz de Fora (PJF) e a Universidade Federal de Juiz de Fora (UFJF), contribuem para a capacita\u00e7\u00e3o dos profissionais da sa\u00fade e em como este aprendizado adquirido retorna para a sociedade.<\/p>\n<p>Nesta quinta-feira, 20, 67 trabalhadores da \u00e1rea de Juiz de Fora estiveram reunidos na Faculdade de Enfermagem nos per\u00edodos da manh\u00e3 e tarde em quatro novas turmas.<a href=\"https:\/\/culturadepazjf.wordpress.com\/\">\u00a0<strong>Como nas duas oficinas anteriores<\/strong><\/a>, foram levantadas quest\u00f5es te\u00f3ricas e pr\u00e1ticas voltadas para a sensibiliza\u00e7\u00e3o dos profissionais no momento de abordagem e do reconhecimento das v\u00edtimas de viol\u00eancia, bem como debates acerca da pr\u00e1tica profissional. Foi ressaltada, tamb\u00e9m, a import\u00e2ncia do preenchimento da ficha para o levantamento de dados do quadro das viol\u00eancias que acontecem em Juiz de Fora.<\/p>\n<p>Para uma das professoras coordenadoras do Eixo de Educa\u00e7\u00e3o Continuada, Let\u00edcia Moura, a terceira oficina teve saldo positivo. \u201cEst\u00e1 sendo muito gratificante e proveitoso. As pessoas est\u00e3o saindo, como nas \u00faltimas oficinas, muito satisfeitas. Acredito que nesta, em espec\u00edfico, conseguimos otimizar mais o tempo e a participa\u00e7\u00e3o dos profissionais inscritos est\u00e1 sendo muito boa. A troca de experi\u00eancias e aprendizados est\u00e1 sendo enriquecedora\u201d, pontua.<\/p>\n<p>A enfermeira da sa\u00fade da fam\u00edlia na UBS Progresso, Adriana Luisa Zigler Oliveira Silva, destaca como a oficina contribui para expandir, na pr\u00e1tica di\u00e1ria, o entendimento do que \u00e9 viol\u00eancia. A enfermeira cita como exemplo a pr\u00f3pria viol\u00eancia que trabalhadores da sa\u00fade sofrem durante sua pr\u00e1tica profissional. \u201cSofremos viol\u00eancia quase que o tempo todo. \u00c0s vezes, a pessoa, por n\u00e3o conhecer a gente e n\u00e3o ter um v\u00ednculo, interpreta aquilo que estamos fazendo de uma forma errada e come\u00e7a com agress\u00f5es, principalmente com ofensas verbais e gritaria, de uma maneira opressora e tratando a gente como se fosse um nada\u201d, ressalta.<\/p>\n<p>Para a gerente do Departamento de Vigil\u00e2ncia Epidemiol\u00f3gica e Ambiental (Dvea) da Secretaria de Sa\u00fade (SS) da Prefeitura de Juiz de Fora, Louise C\u00e2ndido Souza, \u00e9 fundamental sensibilizar os profissionais da \u00e1rea para o processo de notifica\u00e7\u00e3o, no sentido de possibilitar a constru\u00e7\u00e3o de dados para pol\u00edticas p\u00fablicas. Louise lembrou que a parceria com o Estado viabiliza a realiza\u00e7\u00e3o de projetos com outras institui\u00e7\u00f5es, como a Universidade, e proporciona o fortalecimento da estrutura de sa\u00fade. &#8220;Al\u00e9m disso, temos o monitoramento dessas a\u00e7\u00f5es que s\u00e3o estruturantes e que esperamos que continuem a longo prazo&#8221;.<\/p>\n<p>J\u00e1 para a enfermeira do N\u00facleo de Vigil\u00e2ncia Epidemiol\u00f3gica da Secretaria Regional de Sa\u00fade (SRS) do munic\u00edpio, Ana Am\u00e9lia Dias, os protocolos de notifica\u00e7\u00e3o auxiliam a nortear o atendimento no sistema. &#8220;Precisamos fomentar com o profissional da ponta o que \u00e9 viol\u00eancia, o que \u00e9 suspeita de casos de viol\u00eancia e quais encaminhamentos precisam ser dados. Hoje, o nosso grande desafio \u00e9 nortear esse atendimento \u00e0 v\u00edtima.&#8221; Ana Am\u00e9lia sublinha, ainda, a import\u00e2ncia do profissional sair da sua forma\u00e7\u00e3o com o perfil vigilante. \u201cQuando temos a Universidade envolvida nesta capacita\u00e7\u00e3o \u00e9 vis\u00edvel como essas pessoas est\u00e3o saindo com o olhar da notifica\u00e7\u00e3o, n\u00e3o s\u00f3 para o\u00a0Sistema de Informa\u00e7\u00e3o de Agravos de Notifica\u00e7\u00e3o (SINAN), mas tamb\u00e9m para o paciente.\u201d<\/p>\n<p><strong>Oficinas Passadas<\/strong><\/p>\n<p>As duas oficinas anteriores foram realizadas nos dias 15 e 22 de setembro, respectivamente, na Faculdade de Enfermagem da Universidade Federal de Juiz de Fora. At\u00e9 ent\u00e3o, 111 profissionais de sa\u00fade haviam sido capacitados e puderam compartilhar suas experi\u00eancias com as facilitadoras, bolsistas e professores \u00e0 frente do projeto. Agora, o total contabiliza 178 trabalhadores da \u00e1rea que passaram pelo Cultura de Paz.<\/p>\n<p><strong>Cultura de Paz e Preven\u00e7\u00e3o das Viol\u00eancias: Tecendo Redes<\/strong><\/p>\n<p><a href=\"https:\/\/www.pjf.mg.gov.br\/noticias\/view.php?modo=link2&amp;idnoticia2=76442\"><strong>O Projeto \u00e9 uma parceria entre a Prefeitura de Juiz de Fora (PJF) e a Universidade Federal de Juiz de Fora<\/strong>\u00a0(UFJF)<\/a>\u00a0e busca contribuir para o desenvolvimento do Plano Municipal de Fortalecimento da Vigil\u00e2ncia das Causas Externas da PJF. Por parte da UFJF, est\u00e3o envolvidas equipes dos n\u00facleos: N\u00facleo de Pesquisa Geografia, Espa\u00e7o e A\u00e7\u00e3o (NuGea), N\u00facleo de Estudos de Pol\u00edticas de Drogas, Viol\u00eancia e Direitos Humanos (NEVIDH) e N\u00facleo de Assessoria, Treinamentos e Estudos em Sa\u00fade (NATES). A iniciativa tem dura\u00e7\u00e3o de seis meses e vai contar, ainda, com f\u00f3runs e campanhas que pretendem alcan\u00e7ar as comunidades e sensibiliz\u00e1-las para o debate sobre o tema e para a busca de solu\u00e7\u00f5es para as diferentes demandas.<\/p>\n<p>Para saber mais sobre o Cultura de Paz, acompanhe os podcasts<strong><a href=\"https:\/\/open.spotify.com\/show\/3wJkwNLiK9enbu0ChJ94xw?si=-VDx2Lm5QCe8eH-BHxidHA\">\u00a0\u201cCultura de Paz Entrevista\u201d<\/a><\/strong>, como parte da campanha do projeto com o tema sa\u00fade mental, e<a href=\"https:\/\/open.spotify.com\/show\/3wJkwNLiK9enbu0ChJ94xw?si=-VDx2Lm5QCe8eH-BHxidHA\">\u00a0<strong>\u201cCultura de Paz Reportagem\u201d<\/strong><\/a>, que retrata os depoimentos das pessoas que fazem as oficinas acontecerem. No instagram @culturadepazjf e no<a href=\"https:\/\/www.youtube.com\/channel\/UCJ5ROnRNs3sFKbnKZHVv0HA\">\u00a0<strong>canal do Youtube<\/strong><\/a>\u00a0come\u00e7ou nesta quarta-feira, 21, a s\u00e9rie que apresenta o Projeto Cultura de Paz. Os podcasts e v\u00eddeos s\u00e3o produzidos pelo eixo de comunica\u00e7\u00e3o do projeto.<\/p>\n<p><a href=\"https:\/\/www.youtube.com\/watch?v=UMWGe5r-y1g\"><strong>Confira o v\u00eddeo do primeiro epis\u00f3dio<\/strong><\/a><\/p>\n<p><strong>Quadro de oficinas<\/strong><\/p>\n<p>As oficinas ser\u00e3o na Faculdade de Enfermagem da UFJF. S\u00e3o realizadas quatro oficinas por turno, em quatro salas simult\u00e2neas, com dois facilitadores em cada uma delas.<\/p>\n<p>17 de novembro: 7h30 \u00e0s 11h30 e 13h \u00e0s 17h<\/p>\n","protected":false},"excerpt":{"rendered":"<p>Segundo informa\u00e7\u00f5es do site da Prefeitura de Juiz de Fora (PJF), \u201cConvivo com muitos casos de viol\u00eancia na UBS em que atuo. Para mim, a oficina est\u00e1 sendo muito importante para me ajudar a direcionar melhor as situa\u00e7\u00f5es de suspeita de viol\u00eancia\u201d. Foi assim que a enfermeira da UBS Joquei II, Priscila Sanches Aquino de [&hellip;]<\/p>\n","protected":false},"author":246,"featured_media":205717,"comment_status":"closed","ping_status":"closed","sticky":false,"template":"","format":"standard","meta":{"footnotes":""},"categories":[253,436,439],"tags":[],"class_list":["post-205716","post","type-post","status-publish","format-standard","has-post-thumbnail","hentry","category-cidade","category-destaque-da-semana","category-ultima-hora"],"_links":{"self":[{"href":"https:\/\/diarioregionaldigital.com.br\/index.php?rest_route=\/wp\/v2\/posts\/205716","targetHints":{"allow":["GET"]}}],"collection":[{"href":"https:\/\/diarioregionaldigital.com.br\/index.php?rest_route=\/wp\/v2\/posts"}],"about":[{"href":"https:\/\/diarioregionaldigital.com.br\/index.php?rest_route=\/wp\/v2\/types\/post"}],"author":[{"embeddable":true,"href":"https:\/\/diarioregionaldigital.com.br\/index.php?rest_route=\/wp\/v2\/users\/246"}],"replies":[{"embeddable":true,"href":"https:\/\/diarioregionaldigital.com.br\/index.php?rest_route=%2Fwp%2Fv2%2Fcomments&post=205716"}],"version-history":[{"count":1,"href":"https:\/\/diarioregionaldigital.com.br\/index.php?rest_route=\/wp\/v2\/posts\/205716\/revisions"}],"predecessor-version":[{"id":205718,"href":"https:\/\/diarioregionaldigital.com.br\/index.php?rest_route=\/wp\/v2\/posts\/205716\/revisions\/205718"}],"wp:featuredmedia":[{"embeddable":true,"href":"https:\/\/diarioregionaldigital.com.br\/index.php?rest_route=\/wp\/v2\/media\/205717"}],"wp:attachment":[{"href":"https:\/\/diarioregionaldigital.com.br\/index.php?rest_route=%2Fwp%2Fv2%2Fmedia&parent=205716"}],"wp:term":[{"taxonomy":"category","embeddable":true,"href":"https:\/\/diarioregionaldigital.com.br\/index.php?rest_route=%2Fwp%2Fv2%2Fcategories&post=205716"},{"taxonomy":"post_tag","embeddable":true,"href":"https:\/\/diarioregionaldigital.com.br\/index.php?rest_route=%2Fwp%2Fv2%2Ftags&post=205716"}],"curies":[{"name":"wp","href":"https:\/\/api.w.org\/{rel}","templated":true}]}}