{"id":205713,"date":"2022-10-20T18:32:11","date_gmt":"2022-10-20T21:32:11","guid":{"rendered":"https:\/\/diarioregionaldigital.com.br\/?p=205713"},"modified":"2022-10-20T18:32:11","modified_gmt":"2022-10-20T21:32:11","slug":"criancas-do-parque-das-aguas-aprendem-sobre-a-fauna-e-flora-locais","status":"publish","type":"post","link":"https:\/\/diarioregionaldigital.com.br\/?p=205713","title":{"rendered":"Crian\u00e7as do Parque das \u00c1guas aprendem sobre a fauna e flora locais"},"content":{"rendered":"<p>Segundo informa\u00e7\u00f5es do site da Prefeitura de Juiz de Fora (PJF), o\u00a0encontro desta semana do projeto \u201cNossa Escola: Seguran\u00e7a, Cidadania e Cultura de Paz\u201d levou curiosidades da fauna e da flora da cidade para os alunos da Escola Municipal Jovita de Montreuil Brand\u00e3o, no Parque das \u00c1guas. Para encerrar a abordagem do tema meio ambiente, t\u00e9cnicos da Secretaria de Sustentabilidade em Meio Ambiente e Atividades Urbanas (Sesmaur) foram convidados a participar das atividades, enriquecendo a experi\u00eancia das crian\u00e7as.<\/p>\n<p>Sementes de \u00e1rvores como a Sapucaia, o Pau-Ferro, o Jacarand\u00e1 Mimoso e a\u00a0 Paineira, esp\u00e9cies da Mata Atl\u00e2ntica, presentes no Parque da Lajinha foram apresentadas para conhecimento e manuseio dos alunos. Mas chamou a aten\u00e7\u00e3o da turminha os animais raros existentes na Unidade de Conserva\u00e7\u00e3o e que pouca gente conhece. Exemplares preservados em vidro de um caranguejinho que habita o lago do parque, um carrapato grande, retirado de bicho pregui\u00e7a, e uma esp\u00e9cie de sapinho desconhecido at\u00e9 o ano de 2013, quando pesquisadores da Universidade Federal de Juiz de Fora (UFJF) o identificaram no parque tomaram a imagina\u00e7\u00e3o dos pequenos. Todos queriam ver de perto o &#8220;Adelophryne Meridionalis&#8221;, nome cient\u00edfico do anf\u00edbio, que mede menos de um cent\u00edmetro na fase adulta.<\/p>\n<p>O \u201cNossa Escola\u201d \u00e9 fruto de uma parceria entre as secretarias de Seguran\u00e7a Urbana e Cidadania (Sesuc) e de Educa\u00e7\u00e3o (SE). O projeto prop\u00f5e o desenvolvimento de a\u00e7\u00e3o para a constru\u00e7\u00e3o de uma cultura de paz nas escolas, como condi\u00e7\u00e3o para uma sociedade mais segura. Desde mar\u00e7o, o paradigma da preven\u00e7\u00e3o vem sendo refor\u00e7ado, com atividades l\u00fadicas, art\u00edsticas e culturais, mobilizando e transformando o modo como os alunos e a comunidade se relacionam e enxergam a escola.<\/p>\n","protected":false},"excerpt":{"rendered":"<p>Segundo informa\u00e7\u00f5es do site da Prefeitura de Juiz de Fora (PJF), o\u00a0encontro desta semana do projeto \u201cNossa Escola: Seguran\u00e7a, Cidadania e Cultura de Paz\u201d levou curiosidades da fauna e da flora da cidade para os alunos da Escola Municipal Jovita de Montreuil Brand\u00e3o, no Parque das \u00c1guas. Para encerrar a abordagem do tema meio ambiente, [&hellip;]<\/p>\n","protected":false},"author":246,"featured_media":205714,"comment_status":"closed","ping_status":"closed","sticky":false,"template":"","format":"standard","meta":{"footnotes":""},"categories":[253,436,439],"tags":[],"class_list":["post-205713","post","type-post","status-publish","format-standard","has-post-thumbnail","hentry","category-cidade","category-destaque-da-semana","category-ultima-hora"],"_links":{"self":[{"href":"https:\/\/diarioregionaldigital.com.br\/index.php?rest_route=\/wp\/v2\/posts\/205713","targetHints":{"allow":["GET"]}}],"collection":[{"href":"https:\/\/diarioregionaldigital.com.br\/index.php?rest_route=\/wp\/v2\/posts"}],"about":[{"href":"https:\/\/diarioregionaldigital.com.br\/index.php?rest_route=\/wp\/v2\/types\/post"}],"author":[{"embeddable":true,"href":"https:\/\/diarioregionaldigital.com.br\/index.php?rest_route=\/wp\/v2\/users\/246"}],"replies":[{"embeddable":true,"href":"https:\/\/diarioregionaldigital.com.br\/index.php?rest_route=%2Fwp%2Fv2%2Fcomments&post=205713"}],"version-history":[{"count":1,"href":"https:\/\/diarioregionaldigital.com.br\/index.php?rest_route=\/wp\/v2\/posts\/205713\/revisions"}],"predecessor-version":[{"id":205715,"href":"https:\/\/diarioregionaldigital.com.br\/index.php?rest_route=\/wp\/v2\/posts\/205713\/revisions\/205715"}],"wp:featuredmedia":[{"embeddable":true,"href":"https:\/\/diarioregionaldigital.com.br\/index.php?rest_route=\/wp\/v2\/media\/205714"}],"wp:attachment":[{"href":"https:\/\/diarioregionaldigital.com.br\/index.php?rest_route=%2Fwp%2Fv2%2Fmedia&parent=205713"}],"wp:term":[{"taxonomy":"category","embeddable":true,"href":"https:\/\/diarioregionaldigital.com.br\/index.php?rest_route=%2Fwp%2Fv2%2Fcategories&post=205713"},{"taxonomy":"post_tag","embeddable":true,"href":"https:\/\/diarioregionaldigital.com.br\/index.php?rest_route=%2Fwp%2Fv2%2Ftags&post=205713"}],"curies":[{"name":"wp","href":"https:\/\/api.w.org\/{rel}","templated":true}]}}