{"id":205710,"date":"2022-10-20T18:29:58","date_gmt":"2022-10-20T21:29:58","guid":{"rendered":"https:\/\/diarioregionaldigital.com.br\/?p=205710"},"modified":"2022-10-20T18:29:58","modified_gmt":"2022-10-20T21:29:58","slug":"defesa-civil-realiza-instalacao-de-lonas-como-acao-preventiva-em-santa-luzia","status":"publish","type":"post","link":"https:\/\/diarioregionaldigital.com.br\/?p=205710","title":{"rendered":"Defesa Civil realiza instala\u00e7\u00e3o de lonas como a\u00e7\u00e3o preventiva em Santa Luzia"},"content":{"rendered":"<p>Segundo informa\u00e7\u00f5es do site da Prefeitura de Juiz de Fora (PJF), nesta quarta-feira, 19, a Defesa Civil da Prefeitura de Juiz de Fora (PJF) realizou a instala\u00e7\u00e3o de lona em parceria com o Corpo de Bombeiro Militar de Juiz de Fora do Pelot\u00e3o de Emerg\u00eancias Ambientais e Desastres (Pemad) da Zona Norte. A instala\u00e7\u00e3o de lonas em \u00e1reas vulner\u00e1veis frente \u00e0s fortes chuvas consiste em uma a\u00e7\u00e3o de mitiga\u00e7\u00e3o de riscos na Rua Jos\u00e9 Orozimbo de Oliveira, em Santa Luzia.<br \/>\nA Rua Jos\u00e9 Orozimbo de Oliveira est\u00e1 mapeada pela Defesa Civil e \u00e9 classificada como risco R4 (\u00e1rea de risco geol\u00f3gico muito alto). A instala\u00e7\u00e3o de lonas \u00e9 a \u00faltima etapa de trabalho que engloba tr\u00eas trechos espec\u00edficos da regi\u00e3o. O supervisor de interven\u00e7\u00f5es emergenciais em \u00e1reas\u00a0atingidas (Sieaa), Diego de Souza Costa, explica a import\u00e2ncia do trabalho para a via. \u201cColocamos a lona justamente\u00a0para evitar que a \u00e1gua da chuva escoe sobre a superf\u00edcie exposta do talude e provoque novos deslizamentos\u00a0no local\u201d, pontua.<br \/>\nO apoio do Corpo de Bombeiros \u00e9 fundamental para a coloca\u00e7\u00e3o de lonas em \u00e1reas de dif\u00edcil\u00a0acesso, uma vez que se faz necess\u00e1ria t\u00e9cnicas espec\u00edficas, como o rapel. \u201cEm situa\u00e7\u00e3o\u00a0mais dif\u00edcil como essa, h\u00e1 a necessidade do Bombeiro Militar. A ideia principal\u00a0\u00e9 essa, realizar a coloca\u00e7\u00e3o da lona para quando chover ter\u00a0menos infiltra\u00e7\u00e3o no solo, evitando poss\u00edveis desmoronamentos\u201d, acrescenta o Sargento Jo\u00e3o\u00a0Batista Pinheiro da Costa, do Pemad.<br \/>\nEm breve, a Secretaria de Obras (SO) ir\u00e1 colocar leira na via para o desvio das \u00e1guas pluviais. A a\u00e7\u00e3o impede que a \u00e1gua das\u00a0chuvas encharque o solo exposto, evitando a satura\u00e7\u00e3o e, assim, reduzindo os riscos no local<\/p>\n","protected":false},"excerpt":{"rendered":"<p>Segundo informa\u00e7\u00f5es do site da Prefeitura de Juiz de Fora (PJF), nesta quarta-feira, 19, a Defesa Civil da Prefeitura de Juiz de Fora (PJF) realizou a instala\u00e7\u00e3o de lona em parceria com o Corpo de Bombeiro Militar de Juiz de Fora do Pelot\u00e3o de Emerg\u00eancias Ambientais e Desastres (Pemad) da Zona Norte. A instala\u00e7\u00e3o de [&hellip;]<\/p>\n","protected":false},"author":246,"featured_media":205711,"comment_status":"closed","ping_status":"closed","sticky":false,"template":"","format":"standard","meta":{"footnotes":""},"categories":[253,436,440,439],"tags":[],"class_list":["post-205710","post","type-post","status-publish","format-standard","has-post-thumbnail","hentry","category-cidade","category-destaque-da-semana","category-destaques-do-dia","category-ultima-hora"],"_links":{"self":[{"href":"https:\/\/diarioregionaldigital.com.br\/index.php?rest_route=\/wp\/v2\/posts\/205710","targetHints":{"allow":["GET"]}}],"collection":[{"href":"https:\/\/diarioregionaldigital.com.br\/index.php?rest_route=\/wp\/v2\/posts"}],"about":[{"href":"https:\/\/diarioregionaldigital.com.br\/index.php?rest_route=\/wp\/v2\/types\/post"}],"author":[{"embeddable":true,"href":"https:\/\/diarioregionaldigital.com.br\/index.php?rest_route=\/wp\/v2\/users\/246"}],"replies":[{"embeddable":true,"href":"https:\/\/diarioregionaldigital.com.br\/index.php?rest_route=%2Fwp%2Fv2%2Fcomments&post=205710"}],"version-history":[{"count":1,"href":"https:\/\/diarioregionaldigital.com.br\/index.php?rest_route=\/wp\/v2\/posts\/205710\/revisions"}],"predecessor-version":[{"id":205712,"href":"https:\/\/diarioregionaldigital.com.br\/index.php?rest_route=\/wp\/v2\/posts\/205710\/revisions\/205712"}],"wp:featuredmedia":[{"embeddable":true,"href":"https:\/\/diarioregionaldigital.com.br\/index.php?rest_route=\/wp\/v2\/media\/205711"}],"wp:attachment":[{"href":"https:\/\/diarioregionaldigital.com.br\/index.php?rest_route=%2Fwp%2Fv2%2Fmedia&parent=205710"}],"wp:term":[{"taxonomy":"category","embeddable":true,"href":"https:\/\/diarioregionaldigital.com.br\/index.php?rest_route=%2Fwp%2Fv2%2Fcategories&post=205710"},{"taxonomy":"post_tag","embeddable":true,"href":"https:\/\/diarioregionaldigital.com.br\/index.php?rest_route=%2Fwp%2Fv2%2Ftags&post=205710"}],"curies":[{"name":"wp","href":"https:\/\/api.w.org\/{rel}","templated":true}]}}