{"id":205704,"date":"2022-10-20T18:20:43","date_gmt":"2022-10-20T21:20:43","guid":{"rendered":"https:\/\/diarioregionaldigital.com.br\/?p=205704"},"modified":"2022-10-20T18:20:43","modified_gmt":"2022-10-20T21:20:43","slug":"titulo-dessa-quarta-feira-e-o-quarto-do-flamengo-na-copa-do-brasil","status":"publish","type":"post","link":"https:\/\/diarioregionaldigital.com.br\/?p=205704","title":{"rendered":"T\u00edtulo dessa quarta-feira \u00e9 o quarto do Flamengo na Copa do Brasil"},"content":{"rendered":"<p>O Flamengo levantou, nessa quarta-feira (19) no est\u00e1dio do Maracan\u00e3, o seu quarto t\u00edtulo na hist\u00f3ria da Copa do Brasil. Antes desta conquista, o Rubro-Negro ficou com o trof\u00e9u em 1990, 2006 e 2013.<img decoding=\"async\" src=\"https:\/\/agenciabrasil.ebc.com.br\/ebc.png?id=1488994&amp;o=node\" \/><img decoding=\"async\" src=\"https:\/\/agenciabrasil.ebc.com.br\/ebc.gif?id=1488994&amp;o=node\" \/><\/p>\n<p>A primeira vez em que a equipe da G\u00e1vea conquistou o trof\u00e9u da competi\u00e7\u00e3o foi em 1990, em decis\u00e3o contra o Goi\u00e1s. O t\u00edtulo foi garantido gra\u00e7as a uma vit\u00f3ria de 1 a 0 na partida de ida, disputada em Juiz de Fora. O gol da vit\u00f3ria foi marcado pelo zagueiro Fernando de cabe\u00e7a. Na partida de volta, o time, ent\u00e3o comandado por Jair Pereira, empatou sem gols com o Esmeraldino no Serra Dourada.<\/p>\n<p>A segunda Copa do Brasil veio apenas em 2006, mas de uma forma especial, sobre o arquirrival Vasco da Gama. Na ida, Obina e Luiz\u00e3o garantiram o triunfo de 2 a 0. Na volta o Rubro-Negro voltou a triunfar, por 1 a 0, gol do zagueiro Juan.<\/p>\n<p>A terceira conquista do Flamengo na competi\u00e7\u00e3o foi alcan\u00e7ada em decis\u00e3o com o Athletico-PR. No primeiro jogo da final, na Vila Capanema, as equipes ficaram em 1 a 1. Mas na volta o time da G\u00e1vea contou com gols do atacante Hernanes e do volante Elias para triunfar por 2 a 1.<\/p>\n<h2>Maiores campe\u00f5es<\/h2>\n<p>Com a conquista dessa quarta o Flamengo se junta ao Palmeiras, que tamb\u00e9m tem quatro t\u00edtulos da Copa do Brasil (1998, 2012, 2015 e 2020). J\u00e1 o Gr\u00eamio venceu a competi\u00e7\u00e3o em cinco oportunidades (1989, 1994, 1997, 2001 e 2016).<\/p>\n<p>Por\u00e9m, o maior campe\u00e3o da hist\u00f3ria da Copa do Brasil \u00e9 o Cruzeiro. O atual l\u00edder da S\u00e9rie B do Brasileiro ficou com o caneco da competi\u00e7\u00e3o nacional em seis oportunidades: 1993, 1996, 2000, 2003, 2017 e 2018.<\/p>\n<p><span style=\"font-weight: 400;\">Fonte: Ag\u00eancia Brasil <\/span><\/p>\n","protected":false},"excerpt":{"rendered":"<p>O Flamengo levantou, nessa quarta-feira (19) no est\u00e1dio do Maracan\u00e3, o seu quarto t\u00edtulo na hist\u00f3ria da Copa do Brasil. Antes desta conquista, o Rubro-Negro ficou com o trof\u00e9u em 1990, 2006 e 2013. A primeira vez em que a equipe da G\u00e1vea conquistou o trof\u00e9u da competi\u00e7\u00e3o foi em 1990, em decis\u00e3o contra o [&hellip;]<\/p>\n","protected":false},"author":246,"featured_media":205705,"comment_status":"closed","ping_status":"closed","sticky":false,"template":"","format":"standard","meta":{"footnotes":""},"categories":[436,257,439],"tags":[],"class_list":["post-205704","post","type-post","status-publish","format-standard","has-post-thumbnail","hentry","category-destaque-da-semana","category-esporte","category-ultima-hora"],"_links":{"self":[{"href":"https:\/\/diarioregionaldigital.com.br\/index.php?rest_route=\/wp\/v2\/posts\/205704","targetHints":{"allow":["GET"]}}],"collection":[{"href":"https:\/\/diarioregionaldigital.com.br\/index.php?rest_route=\/wp\/v2\/posts"}],"about":[{"href":"https:\/\/diarioregionaldigital.com.br\/index.php?rest_route=\/wp\/v2\/types\/post"}],"author":[{"embeddable":true,"href":"https:\/\/diarioregionaldigital.com.br\/index.php?rest_route=\/wp\/v2\/users\/246"}],"replies":[{"embeddable":true,"href":"https:\/\/diarioregionaldigital.com.br\/index.php?rest_route=%2Fwp%2Fv2%2Fcomments&post=205704"}],"version-history":[{"count":1,"href":"https:\/\/diarioregionaldigital.com.br\/index.php?rest_route=\/wp\/v2\/posts\/205704\/revisions"}],"predecessor-version":[{"id":205706,"href":"https:\/\/diarioregionaldigital.com.br\/index.php?rest_route=\/wp\/v2\/posts\/205704\/revisions\/205706"}],"wp:featuredmedia":[{"embeddable":true,"href":"https:\/\/diarioregionaldigital.com.br\/index.php?rest_route=\/wp\/v2\/media\/205705"}],"wp:attachment":[{"href":"https:\/\/diarioregionaldigital.com.br\/index.php?rest_route=%2Fwp%2Fv2%2Fmedia&parent=205704"}],"wp:term":[{"taxonomy":"category","embeddable":true,"href":"https:\/\/diarioregionaldigital.com.br\/index.php?rest_route=%2Fwp%2Fv2%2Fcategories&post=205704"},{"taxonomy":"post_tag","embeddable":true,"href":"https:\/\/diarioregionaldigital.com.br\/index.php?rest_route=%2Fwp%2Fv2%2Ftags&post=205704"}],"curies":[{"name":"wp","href":"https:\/\/api.w.org\/{rel}","templated":true}]}}