{"id":205698,"date":"2022-10-20T18:16:55","date_gmt":"2022-10-20T21:16:55","guid":{"rendered":"https:\/\/diarioregionaldigital.com.br\/?p=205698"},"modified":"2022-10-20T18:16:55","modified_gmt":"2022-10-20T21:16:55","slug":"saltos-ornamentais-brasil-alcanca-tres-finais-na-copa-do-mundo","status":"publish","type":"post","link":"https:\/\/diarioregionaldigital.com.br\/?p=205698","title":{"rendered":"Saltos ornamentais: Brasil alcan\u00e7a tr\u00eas finais na Copa do Mundo"},"content":{"rendered":"<p>Tr\u00eas brasileiros garantiram presen\u00e7a na decis\u00e3o da Copa do Mundo de saltos ornamentais que \u00e9 disputada em Berlim (Alemanha): Luana Lira, no trampolim de 3 metros, Rafael Max, no trampolim de 3 metros, e Diogo Silva, na plataforma de 10 metros.<img decoding=\"async\" src=\"https:\/\/agenciabrasil.ebc.com.br\/ebc.png?id=1489208&amp;o=node\" \/><img decoding=\"async\" src=\"https:\/\/agenciabrasil.ebc.com.br\/ebc.gif?id=1489208&amp;o=node\" \/><\/p>\n<p>Para garantir vaga na grande decis\u00e3o, a paraibana Luana Lira precisava tirar uma das 12 melhores notas das Eliminat\u00f3rias. Ela somou 226,30 pontos para ficar na 10\u00aa posi\u00e7\u00e3o. Tamb\u00e9m no trampolim dos 3 metros, Anna Lucia dos Santos n\u00e3o conseguiu alcan\u00e7ar a final.<\/p>\n<p>J\u00e1 no masculino, Rafael Max, de 18 anos e que disputa a sua primeira Copa do Mundo, avan\u00e7ou no trampolim de 3 metros com a 12\u00aa melhor nota, ao somar 339,60 pontos. J\u00e1 na plataforma de 10 metros, Diogo Silva, de 17 anos, se classificou mesmo ficando na \u00faltima posi\u00e7\u00e3o das Eliminat\u00f3rias, 11\u00aa, com 219,10 pontos.<\/p>\n<p><span style=\"font-weight: 400;\"><br \/>\n<\/span><span style=\"font-weight: 400;\">Fonte: Ag\u00eancia Brasil <\/span><\/p>\n","protected":false},"excerpt":{"rendered":"<p>Tr\u00eas brasileiros garantiram presen\u00e7a na decis\u00e3o da Copa do Mundo de saltos ornamentais que \u00e9 disputada em Berlim (Alemanha): Luana Lira, no trampolim de 3 metros, Rafael Max, no trampolim de 3 metros, e Diogo Silva, na plataforma de 10 metros. Para garantir vaga na grande decis\u00e3o, a paraibana Luana Lira precisava tirar uma das [&hellip;]<\/p>\n","protected":false},"author":246,"featured_media":205699,"comment_status":"closed","ping_status":"closed","sticky":false,"template":"","format":"standard","meta":{"footnotes":""},"categories":[436,440,257,439],"tags":[],"class_list":["post-205698","post","type-post","status-publish","format-standard","has-post-thumbnail","hentry","category-destaque-da-semana","category-destaques-do-dia","category-esporte","category-ultima-hora"],"_links":{"self":[{"href":"https:\/\/diarioregionaldigital.com.br\/index.php?rest_route=\/wp\/v2\/posts\/205698","targetHints":{"allow":["GET"]}}],"collection":[{"href":"https:\/\/diarioregionaldigital.com.br\/index.php?rest_route=\/wp\/v2\/posts"}],"about":[{"href":"https:\/\/diarioregionaldigital.com.br\/index.php?rest_route=\/wp\/v2\/types\/post"}],"author":[{"embeddable":true,"href":"https:\/\/diarioregionaldigital.com.br\/index.php?rest_route=\/wp\/v2\/users\/246"}],"replies":[{"embeddable":true,"href":"https:\/\/diarioregionaldigital.com.br\/index.php?rest_route=%2Fwp%2Fv2%2Fcomments&post=205698"}],"version-history":[{"count":1,"href":"https:\/\/diarioregionaldigital.com.br\/index.php?rest_route=\/wp\/v2\/posts\/205698\/revisions"}],"predecessor-version":[{"id":205700,"href":"https:\/\/diarioregionaldigital.com.br\/index.php?rest_route=\/wp\/v2\/posts\/205698\/revisions\/205700"}],"wp:featuredmedia":[{"embeddable":true,"href":"https:\/\/diarioregionaldigital.com.br\/index.php?rest_route=\/wp\/v2\/media\/205699"}],"wp:attachment":[{"href":"https:\/\/diarioregionaldigital.com.br\/index.php?rest_route=%2Fwp%2Fv2%2Fmedia&parent=205698"}],"wp:term":[{"taxonomy":"category","embeddable":true,"href":"https:\/\/diarioregionaldigital.com.br\/index.php?rest_route=%2Fwp%2Fv2%2Fcategories&post=205698"},{"taxonomy":"post_tag","embeddable":true,"href":"https:\/\/diarioregionaldigital.com.br\/index.php?rest_route=%2Fwp%2Fv2%2Ftags&post=205698"}],"curies":[{"name":"wp","href":"https:\/\/api.w.org\/{rel}","templated":true}]}}